{"id":10955,"date":"2020-06-17T12:28:00","date_gmt":"2020-06-17T12:28:00","guid":{"rendered":"https:\/\/willizblog.de\/?p=10955"},"modified":"2020-06-17T12:28:00","modified_gmt":"2020-06-17T12:28:00","slug":"das-killerauto","status":"publish","type":"post","link":"https:\/\/willizblog.de\/?p=10955","title":{"rendered":"Das &#8218;Killerauto&#8216;"},"content":{"rendered":"<p>Ja, es summt und brummt wieder vermehrt in unserem Garten. Besonders die Himbeerb\u00fcsche haben es den Hummeln und Bienen angetan. Ja, Bienen! So viele Bienen haben wir in den letzten Jahren nicht gesehen. Gern w\u00fcnschten wir uns so mehr von diesen n\u00fctzlichen Insekten. Aber immerhin! Sollte das eine Wende zum Guten sein?<\/p>\n<p>Der j\u00fcngere meiner S\u00f6hne war vor kurzer Zeit mit dem Auto in Richtung Niederlande unterwegs. Er fuhr auch zu sp\u00e4ter Stunde bei Dunkelheit auf der Autobahn.<\/p>\n<p><img src=\"https:\/\/www.willizblog.de\/pics\/moerderauto2020.jpg\" alt=\"Das Killerauto macht Insekten den Garaus\" title=\"Das Killerauto macht Insekten den Garaus\" \/><br \/>\nDas Killerauto macht Insekten den Garaus<\/p>\n<p>Am anderen Morgen musste er feststellen, dass er mit einer gr\u00f6\u00dfen Anzahl Insekten kollidiert ist, die auf der K\u00fchlerhaube einen garstig Tod fanden. Okay, das waren meist kleine Fliegen, wahrscheinlich M\u00fccken und andere vielleicht nicht ganz so nutzbringende Insekten. Aber es verdeutlich uns, dass dank sinnvoller Ma\u00dfnahmen (Auss\u00e4en von bunten Blumenwiesen, Insektenhotels usw.) das Insektensterben etwas einged\u00e4mmt wurde.<\/p>\n<p><img src=\"https:\/\/www.willizblog.de\/pics\/moerderauto2020big.jpg\" alt=\"Get\u00f6tete Insekten auf der K\u00fchlerhaube\" title=\"Get\u00f6tete Insekten auf der K\u00fchlerhaube\" \/><br \/>\nGet\u00f6tete Insekten auf der K\u00fchlerhaube<\/p>\n","protected":false},"excerpt":{"rendered":"<p>Ja, es summt und brummt wieder vermehrt in unserem Garten. Besonders die Himbeerb\u00fcsche haben es den Hummeln und Bienen angetan. Ja, Bienen! So viele Bienen haben wir in den letzten Jahren nicht gesehen. Gern w\u00fcnschten wir uns so mehr von diesen n\u00fctzlichen Insekten. Aber immerhin! Sollte das eine Wende zum Guten sein? Der j\u00fcngere meiner &hellip; <a href=\"https:\/\/willizblog.de\/?p=10955\" class=\"more-link\"><span class=\"screen-reader-text\">Das &#8218;Killerauto&#8216;<\/span> weiterlesen <span class=\"meta-nav\">&rarr;<\/span><\/a><\/p>\n","protected":false},"author":1,"featured_media":0,"comment_status":"open","ping_status":"open","sticky":false,"template":"","format":"standard","meta":[],"categories":[20],"tags":[],"_links":{"self":[{"href":"https:\/\/willizblog.de\/index.php?rest_route=\/wp\/v2\/posts\/10955"}],"collection":[{"href":"https:\/\/willizblog.de\/index.php?rest_route=\/wp\/v2\/posts"}],"about":[{"href":"https:\/\/willizblog.de\/index.php?rest_route=\/wp\/v2\/types\/post"}],"author":[{"embeddable":true,"href":"https:\/\/willizblog.de\/index.php?rest_route=\/wp\/v2\/users\/1"}],"replies":[{"embeddable":true,"href":"https:\/\/willizblog.de\/index.php?rest_route=%2Fwp%2Fv2%2Fcomments&post=10955"}],"version-history":[{"count":0,"href":"https:\/\/willizblog.de\/index.php?rest_route=\/wp\/v2\/posts\/10955\/revisions"}],"wp:attachment":[{"href":"https:\/\/willizblog.de\/index.php?rest_route=%2Fwp%2Fv2%2Fmedia&parent=10955"}],"wp:term":[{"taxonomy":"category","embeddable":true,"href":"https:\/\/willizblog.de\/index.php?rest_route=%2Fwp%2Fv2%2Fcategories&post=10955"},{"taxonomy":"post_tag","embeddable":true,"href":"https:\/\/willizblog.de\/index.php?rest_route=%2Fwp%2Fv2%2Ftags&post=10955"}],"curies":[{"name":"wp","href":"https:\/\/api.w.org\/{rel}","templated":true}]}}