{"id":10959,"date":"2020-06-20T00:49:53","date_gmt":"2020-06-20T00:49:53","guid":{"rendered":"https:\/\/willizblog.de\/?p=10959"},"modified":"2020-06-19T14:54:49","modified_gmt":"2020-06-19T14:54:49","slug":"tiere-im-garten-2-hummel-und-libelle","status":"publish","type":"post","link":"https:\/\/willizblog.de\/?p=10959","title":{"rendered":"Tiere im Garten (2): Hummel und Libelle"},"content":{"rendered":"<p>Im Sommer summt und brummt es bei uns im Garten. Und <a href=\"https:\/\/willizblog.de\/?p=10955\" rel=\"noopener noreferrer\" target=\"_blank\">wie schon erw\u00e4hnt<\/a>, sind auch Bienen wieder zu finden, denen es unsere Himbeerb\u00fcsche angetan hatten. Wie sch\u00f6n! An einigen Tagen war es so warm, dass sich z.B. eine Hummel, die ermattet von ihrer Arbeit, zu einem kleinen Erholungp\u00e4uschen niederlie\u00df. Wer mag es ihr verdenken &#8230;<\/p>\n<p><img src=\"https:\/\/www.willizblog.de\/pics\/tostedt2020_hummel.jpg\" alt=\"Pause im Stroh: Hummel\" title=\"Pause im Stroh: Hummel\" \/><br \/>\nPause im Stroh: Hummel<\/p>\n<p>Und obwohl bei uns in n\u00e4chster N\u00e4he kein besonnter T\u00fcmpel mit lehmigen oder sandig-kiesigen Ufern vorhanden ist, hat sich eines Tages auch eine Libelle bei uns umgeschaut. Und gesonnt &#8230; Die Libelle, die uns besuchte, geh\u00f6rt zur Art <a href=\"https:\/\/de.wikipedia.org\/wiki\/Plattbauch\" rel=\"noopener noreferrer\" target=\"_blank\">Plattbauch <em>(Libellula depressa)<\/em><\/a> und war ein junges Weibchen. \u00dcbrigens: Im Jahr 2001 wurde diese Libellenart in Deutschland zum Insekt des Jahres gew\u00e4hlt.<\/p>\n<p><img src=\"https:\/\/www.willizblog.de\/pics\/tostedt2020_libelle.jpg\" alt=\"Libelle Plattbauch (Libellula depressa) - junges Weibchen\" title=\"Libelle Plattbauch (Libellula depressa) - junges Weibchen\" \/><br \/>\nLibelle Plattbauch (Libellula depressa) &#8211; junges Weibchen<\/p>\n","protected":false},"excerpt":{"rendered":"<p>Im Sommer summt und brummt es bei uns im Garten. Und wie schon erw\u00e4hnt, sind auch Bienen wieder zu finden, denen es unsere Himbeerb\u00fcsche angetan hatten. Wie sch\u00f6n! An einigen Tagen war es so warm, dass sich z.B. eine Hummel, die ermattet von ihrer Arbeit, zu einem kleinen Erholungp\u00e4uschen niederlie\u00df. Wer mag es ihr verdenken &hellip; <a href=\"https:\/\/willizblog.de\/?p=10959\" class=\"more-link\"><span class=\"screen-reader-text\">Tiere im Garten (2): Hummel und Libelle<\/span> weiterlesen <span class=\"meta-nav\">&rarr;<\/span><\/a><\/p>\n","protected":false},"author":1,"featured_media":0,"comment_status":"open","ping_status":"open","sticky":false,"template":"","format":"standard","meta":[],"categories":[20],"tags":[],"_links":{"self":[{"href":"https:\/\/willizblog.de\/index.php?rest_route=\/wp\/v2\/posts\/10959"}],"collection":[{"href":"https:\/\/willizblog.de\/index.php?rest_route=\/wp\/v2\/posts"}],"about":[{"href":"https:\/\/willizblog.de\/index.php?rest_route=\/wp\/v2\/types\/post"}],"author":[{"embeddable":true,"href":"https:\/\/willizblog.de\/index.php?rest_route=\/wp\/v2\/users\/1"}],"replies":[{"embeddable":true,"href":"https:\/\/willizblog.de\/index.php?rest_route=%2Fwp%2Fv2%2Fcomments&post=10959"}],"version-history":[{"count":0,"href":"https:\/\/willizblog.de\/index.php?rest_route=\/wp\/v2\/posts\/10959\/revisions"}],"wp:attachment":[{"href":"https:\/\/willizblog.de\/index.php?rest_route=%2Fwp%2Fv2%2Fmedia&parent=10959"}],"wp:term":[{"taxonomy":"category","embeddable":true,"href":"https:\/\/willizblog.de\/index.php?rest_route=%2Fwp%2Fv2%2Fcategories&post=10959"},{"taxonomy":"post_tag","embeddable":true,"href":"https:\/\/willizblog.de\/index.php?rest_route=%2Fwp%2Fv2%2Ftags&post=10959"}],"curies":[{"name":"wp","href":"https:\/\/api.w.org\/{rel}","templated":true}]}}