{"id":10961,"date":"2020-06-21T00:15:15","date_gmt":"2020-06-21T00:15:15","guid":{"rendered":"https:\/\/willizblog.de\/?p=10961"},"modified":"2020-06-19T15:20:06","modified_gmt":"2020-06-19T15:20:06","slug":"tiere-im-garten-3-eichhoernchen-igel-und-marder","status":"publish","type":"post","link":"https:\/\/willizblog.de\/?p=10961","title":{"rendered":"Tiere im Garten (3): Eichh\u00f6rnchen, Igel und Marder"},"content":{"rendered":"<p>Es sind nicht nur <a href=\"https:\/\/willizblog.de\/?p=10957\" rel=\"noopener noreferrer\" target=\"_blank\">V\u00f6gel<\/a> und <a href=\"https:\/\/willizblog.de\/?p=10959\" rel=\"noopener noreferrer\" target=\"_blank\">Insekten<\/a>, die sich in unserem Garten einfinden. Es sind auch <em>S\u00e4ugetiere<\/em> der unterschiedlichsten Art. Von <a href=\"https:\/\/willizblog.de\/?s=eichh%C3%B6rnchen\" rel=\"noopener noreferrer\" target=\"_blank\">Eichh\u00f6rnchen<\/a> habe ich hier bereits \u00f6fter berichtet. Oft bedient sich dieses auch aus dem Futterhaus f\u00fcr V\u00f6gel.<\/p>\n<p><img src=\"https:\/\/www.willizblog.de\/pics\/tostedt2020_eichhoernchen.jpg\" alt=\"Eichh\u00f6rnchen bedient sich im Futterhaus f\u00fcr V\u00f6gel\" title=\"Eichh\u00f6rnchen bedient sich im Futterhaus f\u00fcr V\u00f6gel\" \/><br \/>\nEichh\u00f6rnchen bedient sich im Futterhaus f\u00fcr V\u00f6gel<\/p>\n<p>Wir haben nicht nur im Futterhaus eine Kamera installiert, sondern auch eine, die das Treiben auf unserem Rasen dokumentiert. Im Dunkeln &#8211; und manchmal auch in der abendlichen D\u00e4mmerung &#8211; trottet ein Igel durch unseren Garten. Er ist jetzt jede Nacht Gast bei uns und muss wohl in der N\u00e4he seinen Unterschlupf gefunden haben. Nachts h\u00f6rt ihn oft meine Frau, wie er schnaufend durch die Gegend zieht, manchen L\u00e4rm erzeugt, als stie\u00dfe er in seiner Kurzsichtigkeit gegen irgendwelche Gegenst\u00e4nde.<\/p>\n<p><img src=\"https:\/\/www.willizblog.de\/pics\/tostedt2020_igel.jpg\" alt=\"Abendlicher Besuch eines Igels\" title=\"Abendlicher Besuch eines Igels\" \/><br \/>\nAbendlicher Besuch eines Igels<\/p>\n<p>Sicherlich nicht ganz so beliebt wie Igel sind Marder. Unser Nachbar hatte eine Zeitlang einen solchen in seinem Dachgeschoss als Untermieter, der als nachtaktives Tier zur Schlafenszeit f\u00fcr einigen Radau sorgte. Bisher sind wir von ihm verschont geblieben. Aber als Besucher au\u00dferhalb des Hauses darf er sich gelegentlich bei uns im Garten zeigen.<\/p>\n<p><img src=\"https:\/\/www.willizblog.de\/pics\/tostedt2020_marder.jpg\" alt=\"Marder auf n\u00e4chtlichem Streifzug\" title=\"Marder auf n\u00e4chtlichem Streifzug\" \/><br \/>\nMarder auf n\u00e4chtlichem Streifzug<\/p>\n","protected":false},"excerpt":{"rendered":"<p>Es sind nicht nur V\u00f6gel und Insekten, die sich in unserem Garten einfinden. Es sind auch S\u00e4ugetiere der unterschiedlichsten Art. Von Eichh\u00f6rnchen habe ich hier bereits \u00f6fter berichtet. Oft bedient sich dieses auch aus dem Futterhaus f\u00fcr V\u00f6gel. Eichh\u00f6rnchen bedient sich im Futterhaus f\u00fcr V\u00f6gel Wir haben nicht nur im Futterhaus eine Kamera installiert, sondern &hellip; <a href=\"https:\/\/willizblog.de\/?p=10961\" class=\"more-link\"><span class=\"screen-reader-text\">Tiere im Garten (3): Eichh\u00f6rnchen, Igel und Marder<\/span> weiterlesen <span class=\"meta-nav\">&rarr;<\/span><\/a><\/p>\n","protected":false},"author":1,"featured_media":0,"comment_status":"open","ping_status":"open","sticky":false,"template":"","format":"standard","meta":[],"categories":[20],"tags":[],"_links":{"self":[{"href":"https:\/\/willizblog.de\/index.php?rest_route=\/wp\/v2\/posts\/10961"}],"collection":[{"href":"https:\/\/willizblog.de\/index.php?rest_route=\/wp\/v2\/posts"}],"about":[{"href":"https:\/\/willizblog.de\/index.php?rest_route=\/wp\/v2\/types\/post"}],"author":[{"embeddable":true,"href":"https:\/\/willizblog.de\/index.php?rest_route=\/wp\/v2\/users\/1"}],"replies":[{"embeddable":true,"href":"https:\/\/willizblog.de\/index.php?rest_route=%2Fwp%2Fv2%2Fcomments&post=10961"}],"version-history":[{"count":0,"href":"https:\/\/willizblog.de\/index.php?rest_route=\/wp\/v2\/posts\/10961\/revisions"}],"wp:attachment":[{"href":"https:\/\/willizblog.de\/index.php?rest_route=%2Fwp%2Fv2%2Fmedia&parent=10961"}],"wp:term":[{"taxonomy":"category","embeddable":true,"href":"https:\/\/willizblog.de\/index.php?rest_route=%2Fwp%2Fv2%2Fcategories&post=10961"},{"taxonomy":"post_tag","embeddable":true,"href":"https:\/\/willizblog.de\/index.php?rest_route=%2Fwp%2Fv2%2Ftags&post=10961"}],"curies":[{"name":"wp","href":"https:\/\/api.w.org\/{rel}","templated":true}]}}