{"id":10963,"date":"2020-06-22T09:27:01","date_gmt":"2020-06-22T09:27:01","guid":{"rendered":"https:\/\/willizblog.de\/?p=10963"},"modified":"2020-06-22T09:27:01","modified_gmt":"2020-06-22T09:27:01","slug":"die-hoffnung-naehrt-sich","status":"publish","type":"post","link":"https:\/\/willizblog.de\/?p=10963","title":{"rendered":"Die Hoffnung n\u00e4hrt sich &#8230;"},"content":{"rendered":"<ul><em>Bekanntlich stirbt die Hoffnung zuletzt. Bis zu ihrem Tode n\u00e4hrt sie sich von wenigen zwischenzeitlichen Erfolgen, die am Ende einer nur noch gr\u00f6\u00dferen Ern\u00fcchterung dienen. Die immer wieder neu erlebten Entt\u00e4uschungen schaufeln ihr Grab.<\/em><br \/>\nVilli Hermannowitsch Albinowski: So sei es, wie es ist &#8230;<\/ul>\n<p>So erleben Werder-Fans die zu Ende gehende Fu\u00dfballsaison 2019\/2020. Das letzte F\u00fcnkchen Hoffnung hei\u00dft Relegation und kann nur durch einen Sieg am letzten Spieltag im eigenem Stadion gegen K\u00f6ln erreicht werden. Und das auch nur, wenn D\u00fcsseldorf bei Union Berlin verliert (bei einem Unentschieden m\u00fcsste Werder gegen K\u00f6ln mit mindestens 4 Toren Unterschied gewinnen &#8211; ein kaum zu glaubendes Unterfangen). An was man sich alles klammern kann?! Die Chancen stehen in etwa bei 1:8, dass Werder es nicht schafft. <\/p>\n<ul><img src=\"https:\/\/www.willizblog.de\/blogpicts\/werder_sinking_ship.jpg\" alt=\"Werder Bremen: Rettung in letzter Minute?!\" title=\"Werder Bremen: Rettung in letzter Minute?!\" \/><br \/>\nWerder Bremen: Rettung in letzter Minute?!<\/ul>\n<p>Dabei hatte es in Mainz ganz gut begonnen. Werder spielte druckvoll, aber leider auch erfolglos. Und dann die bekannten Fehler in der Abwehr, die bereits im Mittelfeld ihren Anfang fanden. Schon als ich die Aufstellung las, kam ich aus dem Kopfsch\u00fctteln nicht heraus. Egal.<\/p>\n<p><iframe loading=\"lazy\" width=\"560\" height=\"315\" src=\"https:\/\/www.youtube.com\/embed\/rvrZrE8a7Gk\" frameborder=\"0\" allow=\"accelerometer; autoplay; encrypted-media; gyroscope; picture-in-picture\" allowfullscreen><\/iframe><br \/>\nFu\u00dfball-Bundesliga 2019\/2020 &#8211; 33. Spieltag: Mainz 05 &#8211; SV Werder 3:1<\/p>\n<p>Ich wette eigentlich nicht, aber ich f\u00fcrchte nun endg\u00fcltig, dass der SV Werder Bremen ab der n\u00e4chsten Saion in Liga 2 spielen wird. Vielleicht treffen dort die Bremer auf alte Bekannte aus Hamburg. Der HSV steht am vorletzten Spieltag nur noch auf Platz 4 (und wie bei den Bremern ist auch nur noch der Relegationsplatz m\u00f6glich). Am Ende kickt f\u00fcr Deutschlands Norden nur noch der vom VW-Konzern unterst\u00fctzte Verein f\u00fcr Leibes\u00fcbungen aus Wolfsburg in der 1. Liga. Eine Schande! Aber bekanntlich stirbt die Hoffnung &#8230; &#8211; <em>ach, lassen wir das!<\/em><\/p>\n","protected":false},"excerpt":{"rendered":"<p>Bekanntlich stirbt die Hoffnung zuletzt. Bis zu ihrem Tode n\u00e4hrt sie sich von wenigen zwischenzeitlichen Erfolgen, die am Ende einer nur noch gr\u00f6\u00dferen Ern\u00fcchterung dienen. Die immer wieder neu erlebten Entt\u00e4uschungen schaufeln ihr Grab. Villi Hermannowitsch Albinowski: So sei es, wie es ist &#8230; So erleben Werder-Fans die zu Ende gehende Fu\u00dfballsaison 2019\/2020. Das letzte &hellip; <a href=\"https:\/\/willizblog.de\/?p=10963\" class=\"more-link\"><span class=\"screen-reader-text\">Die Hoffnung n\u00e4hrt sich &#8230;<\/span> weiterlesen <span class=\"meta-nav\">&rarr;<\/span><\/a><\/p>\n","protected":false},"author":1,"featured_media":0,"comment_status":"open","ping_status":"open","sticky":false,"template":"","format":"standard","meta":[],"categories":[27],"tags":[477,478,67],"_links":{"self":[{"href":"https:\/\/willizblog.de\/index.php?rest_route=\/wp\/v2\/posts\/10963"}],"collection":[{"href":"https:\/\/willizblog.de\/index.php?rest_route=\/wp\/v2\/posts"}],"about":[{"href":"https:\/\/willizblog.de\/index.php?rest_route=\/wp\/v2\/types\/post"}],"author":[{"embeddable":true,"href":"https:\/\/willizblog.de\/index.php?rest_route=\/wp\/v2\/users\/1"}],"replies":[{"embeddable":true,"href":"https:\/\/willizblog.de\/index.php?rest_route=%2Fwp%2Fv2%2Fcomments&post=10963"}],"version-history":[{"count":0,"href":"https:\/\/willizblog.de\/index.php?rest_route=\/wp\/v2\/posts\/10963\/revisions"}],"wp:attachment":[{"href":"https:\/\/willizblog.de\/index.php?rest_route=%2Fwp%2Fv2%2Fmedia&parent=10963"}],"wp:term":[{"taxonomy":"category","embeddable":true,"href":"https:\/\/willizblog.de\/index.php?rest_route=%2Fwp%2Fv2%2Fcategories&post=10963"},{"taxonomy":"post_tag","embeddable":true,"href":"https:\/\/willizblog.de\/index.php?rest_route=%2Fwp%2Fv2%2Ftags&post=10963"}],"curies":[{"name":"wp","href":"https:\/\/api.w.org\/{rel}","templated":true}]}}