{"id":10969,"date":"2020-06-30T10:56:50","date_gmt":"2020-06-30T10:56:50","guid":{"rendered":"https:\/\/willizblog.de\/?p=10969"},"modified":"2020-06-30T10:56:50","modified_gmt":"2020-06-30T10:56:50","slug":"totgesagte-leben-laenger","status":"publish","type":"post","link":"https:\/\/willizblog.de\/?p=10969","title":{"rendered":"Totgesagte leben l\u00e4nger &#8230;"},"content":{"rendered":"<p>Ja, <a href=\"http:\/\/www.sprichwort-plattform.org\/sp\/Totgesagte%20leben%20l%C3%A4nger\" rel=\"noopener noreferrer\" target=\"_blank\">Totgesagte leben l\u00e4nger<\/a>, d.h. Werder hat noch durch zwei Spiele in der Relegation gegen den Dritten der 2. Liga, dem 1. FC Heidenheim, die Chance, den Klassenerhalt zu sichern.<\/p>\n<p>Zun\u00e4chst aber etwas zum Thema <a href=\"https:\/\/11freunde.de\/artikel\/ein-hoch-auf-uns\/2248846\" rel=\"noopener noreferrer\" target=\"_blank\">Wettbewerbsverzerrung<\/a>: Was da Dortmund am 32. Spieltag zu Hause gegen Mainz (zu ungunsten von Werder) und am letzten Spieltag gegen Hoffenheim geboten hat, war wirklich unter aller Sau. Auch den K\u00f6lnern wurde eine groteske Vorstellung in Bremen vorgeworfen. Was die H\u00f6he der Niederlage (6:1 f\u00fcr Werder) betrifft, ist das sicher in Ordnung. Aber ich denke, dass Werder auch bei einer akzeptablen Leistung von K\u00f6ln das Spiel gewonnen h\u00e4tte und damit die Relegation verdient hat. Okay, h\u00e4tte D\u00fcsseldorf bei Union Berlin einen Punkt geholt, dann w\u00e4ren Werder und die Fortuna punktgleich und das Torverh\u00e4ltnis h\u00e4tte \u00fcber die Pl\u00e4tze 16 und 17 entschieden &#8230; Aber wohl auch Dank der Ex-Bremer Anthony Ujah und Felix Kroos (die immer noch ein Herz f\u00fcr Werder haben), die ihre Sportkameraden von Union gegen D\u00fcsseldorf noch einmal &#8218;auf Vordermann brachten&#8216;, leben die totgesagten Bremer immer noch.<\/p>\n<p><iframe loading=\"lazy\" width=\"560\" height=\"315\" src=\"https:\/\/www.youtube.com\/embed\/y0RJsIJFnXM\" frameborder=\"0\" allow=\"accelerometer; autoplay; encrypted-media; gyroscope; picture-in-picture\" allowfullscreen><\/iframe><br \/>\nWerder-Wunder! Bremen rettet sich furios in Relegation: Werder Bremen &#8211; K\u00f6ln 6:1<\/p>\n<p>Werder spielt jetzt also am Donnerstag (im Weserstadion) und am kommenden Montag gegen Heidenheim, dem Dritten der 2. Liga, in der so genannten <a href=\"https:\/\/de.wikipedia.org\/wiki\/Relegation_(Sport)\" rel=\"noopener noreferrer\" target=\"_blank\">Relegation<\/a> um den Klassenerhalt. Erst im Oktober des letzten Jahres waren <a href=\"https:\/\/www.flashscore.de\/spiel\/zokIPIrK\/#spiel-zusammenfassung\" rel=\"noopener noreferrer\" target=\"_blank\">beide Mannschaften aufeinander getroffen<\/a> &#8211; im DBF-Pokal, das Werder zu Hause mit 4:1 sehr sicher gewann. Damals konnte niemand damit rechnen, dass sie am Ende der Saison nochmals gegeneinander spielen werden &#8230;<\/p>\n<p>Und da war dann noch das Bild vom sinkenden Werder-Schiff:<\/p>\n<ul><img src=\"https:\/\/www.willizblog.de\/blogpicts\/werder_sinking_ship.jpg\" alt=\"Werder Bremen: Rettung in letzter Minute?!\" title=\"Werder Bremen: Rettung in letzter Minute?!\" \/><br \/>\nWerder Bremen: Rettung in letzter Minute?!<\/ul>\n<p>Es gibt den <a href=\"https:\/\/11freunde.de\/suche?q=fluch\" rel=\"noopener noreferrer\" target=\"_blank\">Fluch der 11 Freunde<\/a>, dem in gewisser Hinsicht auch der SV Werder (fast) zum Opfer fiel. Und da gibt es gewisserma\u00dfen das Gegenteil davon (Segen?!): mein <a href=\"https:\/\/www.willizblog.de\/?s=sinking_ship\" rel=\"noopener noreferrer\" target=\"_blank\">sinkendes Werder-Schiff<\/a>.<\/p>\n<p>In den letzten Jahren krebste Werder fast immer am Abgrund zum Abstieg in die 2. Liga. Und (nein, abergl\u00e4ubig bin ich nicht, oder doch?) immer wenn ich das besagte Bildchen in meinen Beitr\u00e4gen zu Werder einbezog, schaffte die Mannschaft den Klassenerhalt. Warum sollte es in diesem Jahr nicht anders sein &#8230; \ud83d\ude09<\/p>\n<p>Mit dem Ende dieser Saison endet dann auch die Karriere eines Ausnahmespielers: <a href=\"https:\/\/11freunde.de\/artikel\/pizarro-eroberer-der-herzen\/2253648\" rel=\"noopener noreferrer\" target=\"_blank\">Claudio Pizarro<\/a> geht mit 41 Jahren in den wohl verdienten Fu\u00dfballerruhestand. Ich kann mich da den ganzen Liebesbezeugungen nur anschlie\u00dfen: Vielen Dank f\u00fcr die vielen Jahre, in denen Du uns mit Deinem Spiel und Deiner liebensw\u00fcrdigen Art Freude bereitet hast! Weiterhin alles Gute f\u00fcr Deine Zukunft!<\/p>\n<p>Und da <strike>ist<\/strike> war noch der HSV! Eigentlich haben alle mit einer Wiederauflage des Nordderbys in der Relegation gerechnet. Nach der oberpeinlichen Heimniederlage gegen Sandhausen im letzten Spiel mit 1:5 wird daraus nichts. Und den Sp\u00f6ttern gehen inzwischen auch schon <a href=\"https:\/\/11freunde.de\/artikel\/internet-witzbolde-entsetzt-uns-gehen-die-hsv-witze-aus\/2253400\" rel=\"noopener noreferrer\" target=\"_blank\">die HSV-Witze<\/a> aus &#8230;<\/p>\n","protected":false},"excerpt":{"rendered":"<p>Ja, Totgesagte leben l\u00e4nger, d.h. Werder hat noch durch zwei Spiele in der Relegation gegen den Dritten der 2. Liga, dem 1. FC Heidenheim, die Chance, den Klassenerhalt zu sichern. Zun\u00e4chst aber etwas zum Thema Wettbewerbsverzerrung: Was da Dortmund am 32. Spieltag zu Hause gegen Mainz (zu ungunsten von Werder) und am letzten Spieltag gegen &hellip; <a href=\"https:\/\/willizblog.de\/?p=10969\" class=\"more-link\"><span class=\"screen-reader-text\">Totgesagte leben l\u00e4nger &#8230;<\/span> weiterlesen <span class=\"meta-nav\">&rarr;<\/span><\/a><\/p>\n","protected":false},"author":1,"featured_media":0,"comment_status":"open","ping_status":"open","sticky":false,"template":"","format":"standard","meta":[],"categories":[27],"tags":[],"_links":{"self":[{"href":"https:\/\/willizblog.de\/index.php?rest_route=\/wp\/v2\/posts\/10969"}],"collection":[{"href":"https:\/\/willizblog.de\/index.php?rest_route=\/wp\/v2\/posts"}],"about":[{"href":"https:\/\/willizblog.de\/index.php?rest_route=\/wp\/v2\/types\/post"}],"author":[{"embeddable":true,"href":"https:\/\/willizblog.de\/index.php?rest_route=\/wp\/v2\/users\/1"}],"replies":[{"embeddable":true,"href":"https:\/\/willizblog.de\/index.php?rest_route=%2Fwp%2Fv2%2Fcomments&post=10969"}],"version-history":[{"count":0,"href":"https:\/\/willizblog.de\/index.php?rest_route=\/wp\/v2\/posts\/10969\/revisions"}],"wp:attachment":[{"href":"https:\/\/willizblog.de\/index.php?rest_route=%2Fwp%2Fv2%2Fmedia&parent=10969"}],"wp:term":[{"taxonomy":"category","embeddable":true,"href":"https:\/\/willizblog.de\/index.php?rest_route=%2Fwp%2Fv2%2Fcategories&post=10969"},{"taxonomy":"post_tag","embeddable":true,"href":"https:\/\/willizblog.de\/index.php?rest_route=%2Fwp%2Fv2%2Ftags&post=10969"}],"curies":[{"name":"wp","href":"https:\/\/api.w.org\/{rel}","templated":true}]}}