{"id":10971,"date":"2020-07-01T09:22:06","date_gmt":"2020-07-01T09:22:06","guid":{"rendered":"https:\/\/willizblog.de\/?p=10971"},"modified":"2020-07-01T09:22:06","modified_gmt":"2020-07-01T09:22:06","slug":"schlaf-des-todes-kleiner-bruder","status":"publish","type":"post","link":"https:\/\/willizblog.de\/?p=10971","title":{"rendered":"Schlaf &#8211; des Todes kleiner Bruder"},"content":{"rendered":"<p>Vor wenigen Tagen, am 21. Juni, war der <a href=\"https:\/\/de.wikipedia.org\/wiki\/Tag_des_Schlafes\" rel=\"noopener noreferrer\" target=\"_blank\">Tag des Schlafes<\/a>. Gerade auch noch an einem Tag mit Neumond. Da soll es sich besser schlafen lassen.<\/p>\n<p><em>Der Schlaf hat einen Bruder, den Tod. Wie die Tr\u00e4ume sind Schlaf und Tod Kinder der Nyx, der aus dem Chaos entstandenen Nachtg\u00f6ttin der griechischen Mythologie. Wenn der Schlaf die Menschen \u00fcberkommt, entr\u00fcckt er sie. Er kann bleiern kommen oder leicht, friedlich oder unruhig, mit s\u00fc\u00dfen Tr\u00e4umen oder mit Alpdr\u00fccken. Und er kann ausbleiben \u2013 f\u00fcr zahllose Menschen eine schwere Folter. Noch heute hat der Schlaf f\u00fcr uns etwas Unfa\u00dfbares, Unkontrollierbares.<\/em><br \/>\n(Quelle: <a href=\"https:\/\/www.zeit.de\/1984\/41\/der-bruder-des-todes\" rel=\"noopener noreferrer\" target=\"_blank\">zeit.de &#8211; Regina Oehler<\/a>)<\/p>\n<p><img src=\"https:\/\/www.willizblog.de\/pics\/schlaf.jpg\" alt=\"Der Schlaf - des Todes kleiner Bruder\" title=\"Der Schlaf - des Todes kleiner Bruder\" \/><br \/>\nDer Schlaf &#8211; des Todes kleiner Bruder<\/p>\n<p><em>S\u00fc\u00dfer Schlaf! Nichts bereitete mir so viel Freude, schenkte mir so viel Freiheit und gab mir die Macht, gesch\u00fctzt vor dem Elend meines Bewusstseins, zu f\u00fchlen, zu denken, zu tr\u00e4umen. Ich litt nicht an Schlafsucht &#8211; ungewollt nickte ich nie ein. Ich schlief einfach f\u00fcr mein Leben gern.<\/em><br \/>\n<a href=\"https:\/\/de.wikipedia.org\/wiki\/Ottessa_Moshfegh\" rel=\"noopener noreferrer\" target=\"_blank\">Ottessa Moshfegh<\/a>: <a target=\"_blank\" href=\"https:\/\/www.amazon.de\/gp\/product\/B07D2Y4D5R\/ref=as_li_tl?ie=UTF8&#038;camp=1638&#038;creative=6742&#038;creativeASIN=B07D2Y4D5R&#038;linkCode=as2&#038;tag=familiealbin-21&#038;linkId=a306109a1cbb4d5be6b8312a5aeff0dc\" rel=\"noopener noreferrer\"><strong>Mein Jahr der Ruhe und Entspannung<\/strong><\/a><img loading=\"lazy\" src=\"\/\/ir-de.amazon-adsystem.com\/e\/ir?t=familiealbin-21&#038;l=am2&#038;o=3&#038;a=B07D2Y4D5R\" width=\"1\" height=\"1\" border=\"0\" alt=\"\" style=\"border:none !important; margin:0px !important;\" \/> <em>(My Year of Rest and Relexation. 2018)<\/em> &#8211; deutsch von <a href=\"https:\/\/de.wikipedia.org\/wiki\/Anke_Caroline_Burger\" rel=\"noopener noreferrer\" target=\"_blank\">Anke Caroline Burger<\/a><\/p>\n<p><em>Wer sich zwingen will einzuschlafen und dabei nur daran denkt, dass er gerade nicht schlafen kann, wird nie Ruhe finden. Man muss eine Egalheit dem eigenen Schlaf gegen\u00fcber entwickeln.<\/em><br \/>\n<a target=\"_blank\" href=\"https:\/\/www.amazon.de\/gp\/product\/303695936X\/ref=as_li_tl?ie=UTF8&#038;camp=1638&#038;creative=6742&#038;creativeASIN=303695936X&#038;linkCode=as2&#038;tag=familiealbin-21&#038;linkId=50fa7573ce9a0952129eee5b69353c70\" rel=\"noopener noreferrer\">Hazel Brugger<\/a><img loading=\"lazy\" src=\"\/\/ir-de.amazon-adsystem.com\/e\/ir?t=familiealbin-21&#038;l=am2&#038;o=3&#038;a=303695936X\" width=\"1\" height=\"1\" border=\"0\" alt=\"\" style=\"border:none !important; margin:0px !important;\" \/><\/p>\n<p>Ob nun acht die richtige Anzahl Stunden Schlaf sind, mag dahin gestellt sein. Viele kommen mit weniger Stunden pro Nacht aus, manche wie ich schlafen auch gern einmal l\u00e4nger. Es kommt dann darauf an, wann ich eingeschlafen bin, denn oft geht mir noch einiges, was mich des Tags besch\u00e4ftigte, durch den Kopf und es dauert dann, bis ich wirklich schlafe. Und an einige Tagen g\u00f6nne ich mir auch noch ein Mittagsschl\u00e4fchen.<\/p>\n<p><em><strong>Und? Letzte Nacht gut geschlafen?<\/strong><\/em><\/p>\n<p>Es ist \u00fcbrigens erstaunlich (oder auch nicht), wie oft ich mich mit Schlafen besch\u00e4ftigt habe, wobei <a href=\"https:\/\/willizblog.de\/?s=schlafen\" rel=\"noopener noreferrer\" target=\"_blank\">in diesem Blog <strong>&#8218;Schlafen&#8216;<\/strong><\/a> oft auch im \u00fcbertragenem Sinne vorkommt.<\/p>\n<p>siehe auch: <a href=\"https:\/\/www.deutschlandfunkkultur.de\/der-schlaf-in-der-literatur-bruder-des-todes-glueckszustand.1270.de.html?dram:article_id=469408\" rel=\"noopener noreferrer\" target=\"_blank\">Der Schlaf in der Literatur &#8211; Bruder des Todes, Gl\u00fcckszustand und gro\u00dfes R\u00e4tsel<\/a><\/p>\n","protected":false},"excerpt":{"rendered":"<p>Vor wenigen Tagen, am 21. Juni, war der Tag des Schlafes. Gerade auch noch an einem Tag mit Neumond. Da soll es sich besser schlafen lassen. Der Schlaf hat einen Bruder, den Tod. Wie die Tr\u00e4ume sind Schlaf und Tod Kinder der Nyx, der aus dem Chaos entstandenen Nachtg\u00f6ttin der griechischen Mythologie. Wenn der Schlaf &hellip; <a href=\"https:\/\/willizblog.de\/?p=10971\" class=\"more-link\"><span class=\"screen-reader-text\">Schlaf &#8211; des Todes kleiner Bruder<\/span> weiterlesen <span class=\"meta-nav\">&rarr;<\/span><\/a><\/p>\n","protected":false},"author":1,"featured_media":0,"comment_status":"open","ping_status":"open","sticky":false,"template":"","format":"standard","meta":[],"categories":[30],"tags":[],"_links":{"self":[{"href":"https:\/\/willizblog.de\/index.php?rest_route=\/wp\/v2\/posts\/10971"}],"collection":[{"href":"https:\/\/willizblog.de\/index.php?rest_route=\/wp\/v2\/posts"}],"about":[{"href":"https:\/\/willizblog.de\/index.php?rest_route=\/wp\/v2\/types\/post"}],"author":[{"embeddable":true,"href":"https:\/\/willizblog.de\/index.php?rest_route=\/wp\/v2\/users\/1"}],"replies":[{"embeddable":true,"href":"https:\/\/willizblog.de\/index.php?rest_route=%2Fwp%2Fv2%2Fcomments&post=10971"}],"version-history":[{"count":0,"href":"https:\/\/willizblog.de\/index.php?rest_route=\/wp\/v2\/posts\/10971\/revisions"}],"wp:attachment":[{"href":"https:\/\/willizblog.de\/index.php?rest_route=%2Fwp%2Fv2%2Fmedia&parent=10971"}],"wp:term":[{"taxonomy":"category","embeddable":true,"href":"https:\/\/willizblog.de\/index.php?rest_route=%2Fwp%2Fv2%2Fcategories&post=10971"},{"taxonomy":"post_tag","embeddable":true,"href":"https:\/\/willizblog.de\/index.php?rest_route=%2Fwp%2Fv2%2Ftags&post=10971"}],"curies":[{"name":"wp","href":"https:\/\/api.w.org\/{rel}","templated":true}]}}