{"id":10974,"date":"2020-07-02T14:14:54","date_gmt":"2020-07-02T14:14:54","guid":{"rendered":"https:\/\/willizblog.de\/?p=10974"},"modified":"2020-07-02T14:18:54","modified_gmt":"2020-07-02T14:18:54","slug":"mario-vargas-llosa-tod-in-den-anden","status":"publish","type":"post","link":"https:\/\/willizblog.de\/?p=10974","title":{"rendered":"Mario Vargas Llosa: Tod in den Anden"},"content":{"rendered":"<p><em>Korporal Lituma und sein Helfer Tom\u00e1s sollen das mysteri\u00f6se Verschwinden dreier Mensch in den peruanischen Anden aufkl\u00e4ren. \u00dcberall schl\u00e4gt ihnen Mi\u00dftrauen entgegen in dieser feindseligen, abergl\u00e4ubischen Bergwelt, und was sie nach und nach ans Licht bringen, hat die Ausma\u00dfe eines unfa\u00dfbaren Dramas. Mario Vargas Llosa verbindet in diesem fesselnden Krimi die Abgr\u00fcnde des heutigen Peru mit den Mythen und Ritualen der Inkas.<\/em> (aus dem Klappentext).<\/p>\n<p>Vor l\u00e4ngerer Zeit habe ich hier den Roman <a target=\"_blank\" href=\"https:\/\/www.amazon.de\/gp\/product\/3518368427\/ref=as_li_tl?ie=UTF8&#038;camp=1638&#038;creative=6742&#038;creativeASIN=3518368427&#038;linkCode=as2&#038;tag=familiealbin-21&#038;linkId=710231578aa8efdbbb6608a76518e525\" rel=\"noopener noreferrer\"><strong>Das gr\u00fcne Haus<\/strong><\/a><img loading=\"lazy\" src=\"\/\/ir-de.amazon-adsystem.com\/e\/ir?t=familiealbin-21&#038;l=am2&#038;o=3&#038;a=3518368427\" width=\"1\" height=\"1\" border=\"0\" alt=\"\" style=\"border:none !important; margin:0px !important;\" \/> von <a href=\"https:\/\/de.wikipedia.org\/wiki\/Mario_Vargas_Llosa\" rel=\"noopener noreferrer\" target=\"_blank\">Mario Vargas Llosa<\/a>, der <a href=\"https:\/\/willizblog.de\/?p=3480\" rel=\"noopener noreferrer\" target=\"_blank\">2010 den Nobelpreis f\u00fcr Literatur<\/a> erhielt, ziemlich ausf\u00fchrlich vorgestellt. Es gilt als Vargas Llosas wichtigstes Werk und z\u00e4hlt zu den bedeutendsten lateinamerikanischen Romane \u00fcberhaupt. Eine der Hauptfiguren, den Sergeanten Lituma, der aus dem entfernten Piura stammt und sich freiwillig ins Amazonasgebiet gemeldet hatte, treffen wir in dem Roman <a target=\"_blank\" href=\"https:\/\/www.amazon.de\/gp\/product\/3518392743\/ref=as_li_tl?ie=UTF8&#038;camp=1638&#038;creative=6742&#038;creativeASIN=3518392743&#038;linkCode=as2&#038;tag=familiealbin-21&#038;linkId=63746566124d5b97c6daec2e1ff510c3\" rel=\"noopener noreferrer\"><strong>Tod in den Anden<\/strong><\/a><img loading=\"lazy\" src=\"\/\/ir-de.amazon-adsystem.com\/e\/ir?t=familiealbin-21&#038;l=am2&#038;o=3&#038;a=3518392743\" width=\"1\" height=\"1\" border=\"0\" alt=\"\" style=\"border:none !important; margin:0px !important;\" \/> als Korporal nach vielen Jahren wieder.<\/p>\n<ul><img src=\"https:\/\/www.willizblog.de\/blogpicts\/mario_vargas_llosa.jpg\" alt=\"Mario Vargas Llosa 2010\" title=\"Mario Vargas Llosa 2010\" \/><br \/>\nMario Vargas Llosa &#8211; Foto: <a href=\"http:\/\/www.flickr.com\/photos\/9822236@N08\" rel=\"noopener noreferrer\" target=\"_blank\">Daniele Devoti<\/a> \u2013 Padova, Italien (13. Juni 2010)<\/ul>\n<p>Wie schon Mario Vargas Llosas <a href=\"https:\/\/willizblog.de\/?p=3495\" rel=\"noopener noreferrer\" target=\"_blank\">Das gr\u00fcne Haus<\/a> so f\u00fchrt uns auch der Roman <a href=\"https:\/\/de.wikipedia.org\/wiki\/Tod_in_den_Anden\" rel=\"noopener noreferrer\" target=\"_blank\">Tod in den Anden<\/a> in eine uns v\u00f6llig unbekannte Welt:<\/p>\n<p><em>In der gottverlassenen Gegend haben sich die beiden Polizisten in ihrem Posten, einer Notunterkunft, eingerichtet. Manchmal kommt der Radiosender Jun\u00edn herein. Bewaffnet und verbarrikadiert erwarten die Repr\u00e4sentanten der peruanischen Staatsmacht nachts furchtsam die Terroristen. Letztere bleiben zwar \u00fcber den ganzen Roman hinweg fern, wohl aber ist in der Kantine der Stra\u00dfenbauer von mehreren Massakern die Rede.<\/em><\/p>\n<p>Am Ende: <em>Zwar wird der erfolglose Korporal Lituma zum Unteroffizier bef\u00f6rdert, muss aber den abgelegenen Posten Santa Mar\u00eda de Nieva in der Selva kommandieren. Der Gendarm Tom\u00e1s Carre\u00f1o hat mehr Gl\u00fcck. Er wird nach Piura \u2013 direkt in die ziemlich zivilisierte Heimatstadt seiner geliebten Frau Mercedes \u2013 versetzt.<\/em><\/p>\n<p><em>Das Buch l\u00e4sst sich, wie der Titel suggeriert, als Kriminalroman lesen. Die Aufl\u00f6sung des Falls kommt am Romanende nicht \u00fcberraschend daher. Das gro\u00dfe Thema, Menschenopfer der alten Peruaner beim Wegebau \u2013 fortgesponnen in den neuzeitlichen Stra\u00dfenbau im Hochgebirge, wird in der Romanmitte explizit genannt. Der Saumpfad soll durch eine Stra\u00dfe ersetzt werden. Die darob erz\u00fcrnte Berggottheit muss bes\u00e4nftigt werden.<\/em><\/p>\n","protected":false},"excerpt":{"rendered":"<p>Korporal Lituma und sein Helfer Tom\u00e1s sollen das mysteri\u00f6se Verschwinden dreier Mensch in den peruanischen Anden aufkl\u00e4ren. \u00dcberall schl\u00e4gt ihnen Mi\u00dftrauen entgegen in dieser feindseligen, abergl\u00e4ubischen Bergwelt, und was sie nach und nach ans Licht bringen, hat die Ausma\u00dfe eines unfa\u00dfbaren Dramas. Mario Vargas Llosa verbindet in diesem fesselnden Krimi die Abgr\u00fcnde des heutigen Peru &hellip; <a href=\"https:\/\/willizblog.de\/?p=10974\" class=\"more-link\"><span class=\"screen-reader-text\">Mario Vargas Llosa: Tod in den Anden<\/span> weiterlesen <span class=\"meta-nav\">&rarr;<\/span><\/a><\/p>\n","protected":false},"author":1,"featured_media":0,"comment_status":"open","ping_status":"open","sticky":false,"template":"","format":"standard","meta":[],"categories":[3],"tags":[],"_links":{"self":[{"href":"https:\/\/willizblog.de\/index.php?rest_route=\/wp\/v2\/posts\/10974"}],"collection":[{"href":"https:\/\/willizblog.de\/index.php?rest_route=\/wp\/v2\/posts"}],"about":[{"href":"https:\/\/willizblog.de\/index.php?rest_route=\/wp\/v2\/types\/post"}],"author":[{"embeddable":true,"href":"https:\/\/willizblog.de\/index.php?rest_route=\/wp\/v2\/users\/1"}],"replies":[{"embeddable":true,"href":"https:\/\/willizblog.de\/index.php?rest_route=%2Fwp%2Fv2%2Fcomments&post=10974"}],"version-history":[{"count":0,"href":"https:\/\/willizblog.de\/index.php?rest_route=\/wp\/v2\/posts\/10974\/revisions"}],"wp:attachment":[{"href":"https:\/\/willizblog.de\/index.php?rest_route=%2Fwp%2Fv2%2Fmedia&parent=10974"}],"wp:term":[{"taxonomy":"category","embeddable":true,"href":"https:\/\/willizblog.de\/index.php?rest_route=%2Fwp%2Fv2%2Fcategories&post=10974"},{"taxonomy":"post_tag","embeddable":true,"href":"https:\/\/willizblog.de\/index.php?rest_route=%2Fwp%2Fv2%2Ftags&post=10974"}],"curies":[{"name":"wp","href":"https:\/\/api.w.org\/{rel}","templated":true}]}}