{"id":10988,"date":"2020-07-07T09:24:38","date_gmt":"2020-07-07T09:24:38","guid":{"rendered":"https:\/\/willizblog.de\/?p=10988"},"modified":"2020-07-07T09:24:38","modified_gmt":"2020-07-07T09:24:38","slug":"mit-haengen-und-wuergen","status":"publish","type":"post","link":"https:\/\/willizblog.de\/?p=10988","title":{"rendered":"&#8230; mit H\u00e4ngen und W\u00fcrgen!"},"content":{"rendered":"<p>Jeder wei\u00df es: Das war eine bescheidene Saison, die der SV Werder gespielt hat, Corona hin, Corona her. Aber manches Ammenm\u00e4rchen findet dann doch noch seinen guten Ausgang: Die Bremer bleiben der Fu\u00dfball-Bundesliga erhalten (und die <a href=\"https:\/\/www.werder.de\/aktuell\/news\/frauen\/20192020\/news\/beschluss-aufstieg-25052020\/\" rel=\"noopener noreferrer\" target=\"_blank\">Werder-Damen<\/a> steigen in die Frauen-Bundesliga auf, das sollte nicht vergessen werden). Nach dem mageren 0:0 daheim gab es gestern ein 2:2 in Heidenheim, was zum Klassenverbleib reichte.<\/p>\n<p><img src=\"https:\/\/www.willizblog.de\/pics\/werder1920_relegat_heideheim2_2.jpg\" alt=\"Gefeierter Ludwig Augustinsson nach seinem Tor gegen Heidenheim\" title=\"Gefeierter Ludwig Augustinsson nach seinem Tor gegen Heidenheim\" \/><br \/>\nGefeierter Ludwig Augustinsson nach seinem Tor gegen Heidenheim<\/p>\n<p>Irgendwie erinnern mich diese Relegationsspiele Werders gegen Heidenheim an fr\u00fchere Relegationsspiele des HSV. Und bekanntlich spielen die demn\u00e4chst ihre 3. Saison hintereinander in der 2. Liga. Nein, ich eigne mich nicht als Orakel. Aber wenn es in der neuen Saison nicht besser wird, dann &#8230; Werder hat <a href=\"https:\/\/de.wiktionary.org\/wiki\/mit_H%C3%A4ngen_und_W%C3%BCrgen\" rel=\"noopener noreferrer\" target=\"_blank\">mit H\u00e4ngen und W\u00fcrgen<\/a> gerade noch den Klassenerhalt geschafft. Und damit haben auch der Sportchef Frank Baumann und Trainer Florian Kohfeldt ihren Hintern gerettet. Wahrscheinlich wird auch der Kader sich kaum ver\u00e4ndern, denn keiner der Spieler (selbst <a href=\"https:\/\/de.wikipedia.org\/wiki\/Milot_Rashica\" rel=\"noopener noreferrer\" target=\"_blank\">Milot Rashica<\/a>) hat sich in den letzten Wochen f\u00fcr andere Vereine empfehlen k\u00f6nnen. Und undank Corona m\u00fcssen alle Vereine sparen &#8230;<\/p>\n<p><iframe loading=\"lazy\" width=\"560\" height=\"315\" src=\"https:\/\/www.youtube.com\/embed\/vhQCGl1OeHU\" frameborder=\"0\" allow=\"accelerometer; autoplay; encrypted-media; gyroscope; picture-in-picture\" allowfullscreen><\/iframe><br \/>\nNochmal gut gegangen! &#8211; Kurzanalyse nach dem Spiel 1. FC Heidenheim &#8211; SV Werder Bremen (Bundesliga-Relegation-R\u00fcckspiel 2019\/2020)<\/p>\n<p>Schade eigentlich f\u00fcr Heidenheim. Der Verein aus dem S\u00fcdosten Baden-W\u00fcrttembergs hat seine wohl einmalige Chance zum Aufstieg in die h\u00f6chste Fu\u00dfballliga Deutschlands knapp verpasst. Gerade einem so kleinen Verein w\u00fcnscht man sich im Chor der von Gro\u00dfkonzernen unterst\u00fctzten oder von <a href=\"https:\/\/de.wiktionary.org\/wiki\/Gro%C3%9Fkopferter\" rel=\"noopener noreferrer\" target=\"_blank\">Gro\u00dfkopferten<\/a> geleiteten Vereinen eine Stimme. Aber die hat nun weiter der SV Werder.<\/p>\n","protected":false},"excerpt":{"rendered":"<p>Jeder wei\u00df es: Das war eine bescheidene Saison, die der SV Werder gespielt hat, Corona hin, Corona her. Aber manches Ammenm\u00e4rchen findet dann doch noch seinen guten Ausgang: Die Bremer bleiben der Fu\u00dfball-Bundesliga erhalten (und die Werder-Damen steigen in die Frauen-Bundesliga auf, das sollte nicht vergessen werden). Nach dem mageren 0:0 daheim gab es gestern &hellip; <a href=\"https:\/\/willizblog.de\/?p=10988\" class=\"more-link\"><span class=\"screen-reader-text\">&#8230; mit H\u00e4ngen und W\u00fcrgen!<\/span> weiterlesen <span class=\"meta-nav\">&rarr;<\/span><\/a><\/p>\n","protected":false},"author":1,"featured_media":0,"comment_status":"open","ping_status":"open","sticky":false,"template":"","format":"standard","meta":[],"categories":[27],"tags":[],"_links":{"self":[{"href":"https:\/\/willizblog.de\/index.php?rest_route=\/wp\/v2\/posts\/10988"}],"collection":[{"href":"https:\/\/willizblog.de\/index.php?rest_route=\/wp\/v2\/posts"}],"about":[{"href":"https:\/\/willizblog.de\/index.php?rest_route=\/wp\/v2\/types\/post"}],"author":[{"embeddable":true,"href":"https:\/\/willizblog.de\/index.php?rest_route=\/wp\/v2\/users\/1"}],"replies":[{"embeddable":true,"href":"https:\/\/willizblog.de\/index.php?rest_route=%2Fwp%2Fv2%2Fcomments&post=10988"}],"version-history":[{"count":0,"href":"https:\/\/willizblog.de\/index.php?rest_route=\/wp\/v2\/posts\/10988\/revisions"}],"wp:attachment":[{"href":"https:\/\/willizblog.de\/index.php?rest_route=%2Fwp%2Fv2%2Fmedia&parent=10988"}],"wp:term":[{"taxonomy":"category","embeddable":true,"href":"https:\/\/willizblog.de\/index.php?rest_route=%2Fwp%2Fv2%2Fcategories&post=10988"},{"taxonomy":"post_tag","embeddable":true,"href":"https:\/\/willizblog.de\/index.php?rest_route=%2Fwp%2Fv2%2Ftags&post=10988"}],"curies":[{"name":"wp","href":"https:\/\/api.w.org\/{rel}","templated":true}]}}