{"id":1100,"date":"2008-02-13T00:11:13","date_gmt":"2008-02-12T22:11:13","guid":{"rendered":"http:\/\/www.albinz.de\/blog\/?p=1100"},"modified":"2008-02-13T09:22:33","modified_gmt":"2008-02-13T07:22:33","slug":"christas-barchen-02-carlos-31","status":"publish","type":"post","link":"https:\/\/willizblog.de\/?p=1100","title":{"rendered":"Christas B\u00e4rchen 02: Carlos 31"},"content":{"rendered":"<p>Ebenfalls zu Weihnachten 2007 habe ich meiner Frau den folgenden Teddyb\u00e4ren geschenkt: Carlos ist ein Harlekin von 31 cm Gr\u00f6\u00dfe und ebenfalls aus dem Hause Hermann Teddy in Hirschaid. Die Hermann-Teddys gefallen uns beiden sehr gut, da sie eine gro\u00dfe Auswahl darstellen. Kaum ein anderer Hersteller hat so viele unterschiedliche Pl\u00fcschtiere. Auch sind die Preise noch ziemlich moderat. Immerhin handelt es sich hierbei um Handarbeit bei kleiner Auflage.<\/p>\n<table border=\"0\" cellpadding=\"5\" cellspacing=\"0\" width=\"550\">\n<tr>\n<td width=\"370\" align=\"center\"><a href=\"http:\/\/www.nicy.de\/pix\/178194.jpg\" target=\"_blank\"><img loading=\"lazy\" border=\"0\" src=\"https:\/\/www.willizblog.de\/blogpicts\/baerchen_02_2007_carlos31.jpg\" alt=\"Christas B\u00e4rchen: Carlos 31\" width=\"360\" height=\"540\"><\/a><\/td>\n<td width=\"180\" rowspan=\"3\">\n<p><font face=\"Arial, Helvetica\" size=\"2\">Ein fein ausgestatteter klassischer Harlekin in herbstlichen Farben, M\u00fctze mit Schelle, 31 cm gro\u00df, Mohair-Filz, Design Anna Dazumal, limitiert auf 400 St\u00fcck<\/font><\/p>\n<p><font face=\"Lucida Grande, Lucida Sans Unicode, Verdana, sans-serif\" size=\"2\">Hermann Teddy Original (Teddy Hermann GmbH, 96112 Hirschaid)<\/font><\/p>\n<p><font face=\"Lucida Grande, Lucida Sans Unicode, Verdana, sans-serif\" size=\"2\">Limitierte Editon von 400<\/font><\/p>\n<p><font face=\"Lucida Grande, Lucida Sans Unicode, Verdana, sans-serif\" size=\"2\">Design: Anna Dazumal<\/font><\/p>\n<p><font face=\"Lucida Grande, Lucida Sans Unicode, Verdana, sans-serif\" size=\"2\"> gekauft bei <a href=\"http:\/\/www.nicy.de\/\" target=\"_blank\">nicy-Versand, Bremen<\/a><\/font><\/td>\n<\/tr>\n<tr>\n<td width=\"370\" align=\"center\"><font face=\"Lucida Grande, Lucida Sans Unicode, Verdana, sans-serif\" size=\"2\">Carlos 31 &#8211; limitierte Editon 137\/400 &#8211; Design: Anna Dazumal<\/font><\/td>\n<\/tr>\n<tr>\n<td width=\"370\" align=\"center\"><a href=\"http:\/\/www.teddy-hermann.de\/deutsch\/_frame.cfm\" target=\"_blank\"><img loading=\"lazy\" border=\"0\" src=\"https:\/\/www.willizblog.de\/blogpicts\/teddy_hermann.gif\" alt=\"Hermann Teddy Original\" width=\"84\" height=\"84\"><\/a><\/td>\n<\/tr>\n<\/table>\n","protected":false},"excerpt":{"rendered":"<p>Ebenfalls zu Weihnachten 2007 habe ich meiner Frau den folgenden Teddyb\u00e4ren geschenkt: Carlos ist ein Harlekin von 31 cm Gr\u00f6\u00dfe und ebenfalls aus dem Hause Hermann Teddy in Hirschaid. Die Hermann-Teddys gefallen uns beiden sehr gut, da sie eine gro\u00dfe Auswahl darstellen. Kaum ein anderer Hersteller hat so viele unterschiedliche Pl\u00fcschtiere. Auch sind die Preise &hellip; <a href=\"https:\/\/willizblog.de\/?p=1100\" class=\"more-link\"><span class=\"screen-reader-text\">Christas B\u00e4rchen 02: Carlos 31<\/span> weiterlesen <span class=\"meta-nav\">&rarr;<\/span><\/a><\/p>\n","protected":false},"author":1,"featured_media":0,"comment_status":"open","ping_status":"closed","sticky":false,"template":"","format":"standard","meta":[],"categories":[45],"tags":[],"_links":{"self":[{"href":"https:\/\/willizblog.de\/index.php?rest_route=\/wp\/v2\/posts\/1100"}],"collection":[{"href":"https:\/\/willizblog.de\/index.php?rest_route=\/wp\/v2\/posts"}],"about":[{"href":"https:\/\/willizblog.de\/index.php?rest_route=\/wp\/v2\/types\/post"}],"author":[{"embeddable":true,"href":"https:\/\/willizblog.de\/index.php?rest_route=\/wp\/v2\/users\/1"}],"replies":[{"embeddable":true,"href":"https:\/\/willizblog.de\/index.php?rest_route=%2Fwp%2Fv2%2Fcomments&post=1100"}],"version-history":[{"count":0,"href":"https:\/\/willizblog.de\/index.php?rest_route=\/wp\/v2\/posts\/1100\/revisions"}],"wp:attachment":[{"href":"https:\/\/willizblog.de\/index.php?rest_route=%2Fwp%2Fv2%2Fmedia&parent=1100"}],"wp:term":[{"taxonomy":"category","embeddable":true,"href":"https:\/\/willizblog.de\/index.php?rest_route=%2Fwp%2Fv2%2Fcategories&post=1100"},{"taxonomy":"post_tag","embeddable":true,"href":"https:\/\/willizblog.de\/index.php?rest_route=%2Fwp%2Fv2%2Ftags&post=1100"}],"curies":[{"name":"wp","href":"https:\/\/api.w.org\/{rel}","templated":true}]}}