{"id":11001,"date":"2020-07-13T11:07:23","date_gmt":"2020-07-13T11:07:23","guid":{"rendered":"https:\/\/willizblog.de\/?p=11001"},"modified":"2020-07-13T11:11:39","modified_gmt":"2020-07-13T11:11:39","slug":"andre-gide-die-schule-der-frauen","status":"publish","type":"post","link":"https:\/\/willizblog.de\/?p=11001","title":{"rendered":"Andr\u00e9 Gide: Die Schule der Frauen"},"content":{"rendered":"<p><em>Die Stellung der Frau in Ehe und Gesellschaft und der Kampf um die Freiheit ihrer Pers\u00f6nlichkeit stehen im Mittelpunkt dieser drei, nun schon klassischen psychologischen Erz\u00e4hlungen, die sich wie die Tafeln eines Triptychons miteinander verbinden. Wir lesen das Tagebuch einer jungen Frau, deren frisches und klares Urteilsverm\u00f6gen die vorget\u00e4uschte moralische \u00dcberlegenheit ihres Mannes als raffinierten Egoismus entlarvt und die an dieser Erkenntnis zerbricht. In der zweiten Erz\u00e4hlung versucht der Beschuldigte eine Rechtfertigung, in der dritten nimmt, in Form eines Briefes, die Tochter des Ehepaares (inzwischen selbst eine junge Frau) zu den Ereignissen Stellung. Dabei erweist sich, da\u00df die gesellschaftlichen Ver\u00e4nderungen zu einer Befreiung gef\u00fchrt haben: die Tochter nimmt f\u00fcr sich jenes Recht auf die eigene Pers\u00f6nlichkeit ganz selbstverst\u00e4ndlich in Anspruch, das der Mutter versagt blieb.<\/em><\/p>\n<p><a href=\"https:\/\/www.wikiwand.com\/de\/Andr%C3%A9_Gide\" rel=\"noopener noreferrer\" target=\"_blank\">Andr\u00e9 Gide<\/a>, am 22. November 1869 in Paris geboren und dort am 19. Februar 1951 gestorben, der seinen Zeitgenossen und vielen seiner konservativen Autorenkollegen als gef\u00e4hrlich, als der gro\u00dfe Seelenverderber galt, hat l\u00e4ngst seinen Platz in der Weltliteratur. Der Nobelpreistr\u00e4ger (1947) z\u00e4hlt zu den wichtigsten franz\u00f6sischen Schriftstellern seiner Generation. Er hat das geistige Gesicht des 20. Jahrhunderts entscheidend mitgepr\u00e4gt. <a href=\"https:\/\/de.wikipedia.org\/wiki\/Die_Schule_der_Frauen_(Andr%C3%A9_Gide)\" rel=\"noopener noreferrer\" target=\"_blank\">Die Erz\u00e4hlungen<\/a> >\u00c9cole des Femmes< erschien 1929 (dt. 1929), >Robert< 1930, >Genevi\u00e8ve< 1936 (dt. zus. 1950).\n\n\"Ein scharfz\u00fcngiges Manifest f\u00fcr die Frau. Doch bei allem Engagement zum Thema >Emanzipation< geht Gide nie der Charme aus. Schon allein die Komposition ist \u00e4u\u00dferst reizvoll ... Dar\u00fcber hinaus jedoch besticht Gide durch seinen \u00fcberaus eleganten Stil, in dem Einfachheit und Ironie sich raffiniert brechen.\" (Norddeutscher Rundfunk)\n \n\n<img src=\"https:\/\/upload.wikimedia.org\/wikipedia\/commons\/thumb\/9\/9b\/Gide_by_Laurens.jpg\/440px-Gide_by_Laurens.jpg\" alt=\"Andr\u00e9 Gide gemalt von Paul Albert Laurens (1924)\" title=\"Andr\u00e9 Gide gemalt von Paul Albert Laurens (1924)\" \/><br \/>\nAndr\u00e9 Gide gemalt von Paul Albert Laurens (1924)<\/p>\n<p>Ich finde es schon erstaunlich, wie sich <a href=\"https:\/\/de.wikipedia.org\/wiki\/Andr%C3%A9_Gide\" rel=\"noopener noreferrer\" target=\"_blank\">Andr\u00e9 Gide<\/a> als Mann vor \u00fcber 85 Jahren in die unterschiedlichen Rollen der Mutter, des Mannes und dann der Tochter hineinf\u00fchlt: Andr\u00e9 Gide: <a target=\"_blank\" href=\"https:\/\/www.amazon.de\/gp\/product\/3423127724\/ref=as_li_tl?ie=UTF8&#038;camp=1638&#038;creative=6742&#038;creativeASIN=3423127724&#038;linkCode=as2&#038;tag=familiealbin-21&#038;linkId=ca7d888f51f9b0afe60d6efbe721676c\" rel=\"noopener noreferrer\"><strong>Die Schule der Frauen<\/strong><\/a><img loading=\"lazy\" src=\"\/\/ir-de.amazon-adsystem.com\/e\/ir?t=familiealbin-21&#038;l=am2&#038;o=3&#038;a=3423127724\" width=\"1\" height=\"1\" border=\"0\" alt=\"\" style=\"border:none !important; margin:0px !important;\" \/> [L&#8217;\u00c9cole des Femmes] &#8211; Erz\u00e4hlungen &#8211; dtv 1751 &#8211; 3. Auflage 1983. Die Mutter, die zun\u00e4chst dem Charme ihres sp\u00e4teren Mannes erliegt, erkennt bald, wie perfide ihr Ehegatte ist, wie er nicht nur sie, sondern seine ganze Umwelt hintergeht. Der Mann schiebt in seiner Rechtfertigung alles auf seine Frau und dann auch auf die Tochter. Der Brief der Tochter offenbart dann das ganze Dilemma, dem ihre Mutter ausgesetzt war. <\/p>\n<p>siehe auch: <a href=\"https:\/\/willizblog.de\/?p=6077\" rel=\"noopener noreferrer\" target=\"_blank\"><strong>Andr\u00e9 Gide: Die Falschm\u00fcnzer<\/strong><\/a><\/p>\n","protected":false},"excerpt":{"rendered":"<p>Die Stellung der Frau in Ehe und Gesellschaft und der Kampf um die Freiheit ihrer Pers\u00f6nlichkeit stehen im Mittelpunkt dieser drei, nun schon klassischen psychologischen Erz\u00e4hlungen, die sich wie die Tafeln eines Triptychons miteinander verbinden. Wir lesen das Tagebuch einer jungen Frau, deren frisches und klares Urteilsverm\u00f6gen die vorget\u00e4uschte moralische \u00dcberlegenheit ihres Mannes als raffinierten &hellip; <a href=\"https:\/\/willizblog.de\/?p=11001\" class=\"more-link\"><span class=\"screen-reader-text\">Andr\u00e9 Gide: Die Schule der Frauen<\/span> weiterlesen <span class=\"meta-nav\">&rarr;<\/span><\/a><\/p>\n","protected":false},"author":1,"featured_media":0,"comment_status":"open","ping_status":"open","sticky":false,"template":"","format":"standard","meta":[],"categories":[14],"tags":[],"_links":{"self":[{"href":"https:\/\/willizblog.de\/index.php?rest_route=\/wp\/v2\/posts\/11001"}],"collection":[{"href":"https:\/\/willizblog.de\/index.php?rest_route=\/wp\/v2\/posts"}],"about":[{"href":"https:\/\/willizblog.de\/index.php?rest_route=\/wp\/v2\/types\/post"}],"author":[{"embeddable":true,"href":"https:\/\/willizblog.de\/index.php?rest_route=\/wp\/v2\/users\/1"}],"replies":[{"embeddable":true,"href":"https:\/\/willizblog.de\/index.php?rest_route=%2Fwp%2Fv2%2Fcomments&post=11001"}],"version-history":[{"count":0,"href":"https:\/\/willizblog.de\/index.php?rest_route=\/wp\/v2\/posts\/11001\/revisions"}],"wp:attachment":[{"href":"https:\/\/willizblog.de\/index.php?rest_route=%2Fwp%2Fv2%2Fmedia&parent=11001"}],"wp:term":[{"taxonomy":"category","embeddable":true,"href":"https:\/\/willizblog.de\/index.php?rest_route=%2Fwp%2Fv2%2Fcategories&post=11001"},{"taxonomy":"post_tag","embeddable":true,"href":"https:\/\/willizblog.de\/index.php?rest_route=%2Fwp%2Fv2%2Ftags&post=11001"}],"curies":[{"name":"wp","href":"https:\/\/api.w.org\/{rel}","templated":true}]}}