{"id":11026,"date":"2020-07-22T10:15:00","date_gmt":"2020-07-22T10:15:00","guid":{"rendered":"https:\/\/willizblog.de\/?p=11026"},"modified":"2020-07-22T10:21:52","modified_gmt":"2020-07-22T10:21:52","slug":"nein-so-doch-nicht-11-neid","status":"publish","type":"post","link":"https:\/\/willizblog.de\/?p=11026","title":{"rendered":"Nein, so doch nicht &#8230; (11): Neid"},"content":{"rendered":"<p><em>Das N-Wort sticht immer. Selbst unter den <a href=\"https:\/\/de.wikipedia.org\/wiki\/Tods%C3%BCnde#Abgrenzung_vom_Laster\" rel=\"noopener noreferrer\" target=\"_blank\">sieben Tods\u00fcnden<\/a> ist Neid die mit Abstand unpopul\u00e4rste. Und anders als Wollust, Faulheit und V\u00f6llerei macht es auch nicht den geringsten Spa\u00df, neidisch zu sein.<\/em><br \/>\n<a href=\"https:\/\/www.juergen-ziemer.de\/\" rel=\"noopener noreferrer\" target=\"_blank\">J\u00fcrgen Ziemer<\/a><\/p>\n<p><img src=\"https:\/\/www.willizblog.de\/images\/nein_so_doch_nicht.jpg\" alt=\"Nein, so doch nicht ... Oder doch?!\" title=\"Nein, so doch nicht ... Oder doch?!\" \/><br \/>\nNein, so doch nicht &#8230; Oder doch?!<\/p>\n<p>\u2026 und da Neid derma\u00dfen unpopul\u00e4r ist, versucht der Neider seine Missgunst m\u00f6glichst f\u00fcr sich zu behalten. Innerlich kocht er, weil er es nicht soweit gebracht hat wie irgendwelche Dahergelaufenen. Wie k\u00f6nnen die nur und ich nicht \u2026 &#8211; Gern benutzt er ein M\u00e4ntelchen, um seinen Neid zu verstecken: Gerade die so genannte Fl\u00fcchtlingskrise offenbart den Neid vieler, die sich gegen\u00fcber den ins Land gekommenen Fl\u00fcchtlingen benachteiligt f\u00fchlen: Denen wird alles in den Hintern geschoben. Und ich \u2026?! &#8211; Vielleicht r\u00fchre ich einmal meinen Arsch, dann bekomme ich das, was ich mir w\u00fcnsche und muss gegen\u00fcber anderen nicht neidisch sein.<\/p>\n<p>Nat\u00fcrlich eignet sich der Vorwurf, neidisch zu sein, anderen \u00fcbelzuwollen als K.O.-Kriterium. Einer, der bestimmte Missst\u00e4nde anprangert, die vielleicht mit der Vergeudung von Geld zu tun haben, wird mundtot gemacht, wenn er als Neidhammel bezeichnet wird. In soweit sticht das N-Wort (fast) immer.<\/p>\n<p>Wird das genauer betrachtet, so ist zu sehen, dass wir in einen <a href=\"https:\/\/de.wiktionary.org\/wiki\/Circulus_vitiosus\" rel=\"noopener noreferrer\" target=\"_blank\">Circulus vitiosus<\/a>, einen Teufelskreis geraten sind. Der Neid als Vorwurf oder der Vorwurf als Zeichen des Neides?!<\/p>\n<p>Ach, Jungs und M\u00e4dels, das muss jeder mit sich selbst ausmachen. Leider ist der Neid heute zu einer politischen Waffe geworden, der sich besonders die Rechten gern bedienen. Und dabei, ich unterstreiche es geradezu, macht Neid wirklich keinen Spa\u00df!<\/p>\n","protected":false},"excerpt":{"rendered":"<p>Das N-Wort sticht immer. Selbst unter den sieben Tods\u00fcnden ist Neid die mit Abstand unpopul\u00e4rste. Und anders als Wollust, Faulheit und V\u00f6llerei macht es auch nicht den geringsten Spa\u00df, neidisch zu sein. J\u00fcrgen Ziemer Nein, so doch nicht &#8230; Oder doch?! \u2026 und da Neid derma\u00dfen unpopul\u00e4r ist, versucht der Neider seine Missgunst m\u00f6glichst f\u00fcr &hellip; <a href=\"https:\/\/willizblog.de\/?p=11026\" class=\"more-link\"><span class=\"screen-reader-text\">Nein, so doch nicht &#8230; (11): Neid<\/span> weiterlesen <span class=\"meta-nav\">&rarr;<\/span><\/a><\/p>\n","protected":false},"author":1,"featured_media":0,"comment_status":"open","ping_status":"open","sticky":false,"template":"","format":"standard","meta":[],"categories":[7],"tags":[],"_links":{"self":[{"href":"https:\/\/willizblog.de\/index.php?rest_route=\/wp\/v2\/posts\/11026"}],"collection":[{"href":"https:\/\/willizblog.de\/index.php?rest_route=\/wp\/v2\/posts"}],"about":[{"href":"https:\/\/willizblog.de\/index.php?rest_route=\/wp\/v2\/types\/post"}],"author":[{"embeddable":true,"href":"https:\/\/willizblog.de\/index.php?rest_route=\/wp\/v2\/users\/1"}],"replies":[{"embeddable":true,"href":"https:\/\/willizblog.de\/index.php?rest_route=%2Fwp%2Fv2%2Fcomments&post=11026"}],"version-history":[{"count":0,"href":"https:\/\/willizblog.de\/index.php?rest_route=\/wp\/v2\/posts\/11026\/revisions"}],"wp:attachment":[{"href":"https:\/\/willizblog.de\/index.php?rest_route=%2Fwp%2Fv2%2Fmedia&parent=11026"}],"wp:term":[{"taxonomy":"category","embeddable":true,"href":"https:\/\/willizblog.de\/index.php?rest_route=%2Fwp%2Fv2%2Fcategories&post=11026"},{"taxonomy":"post_tag","embeddable":true,"href":"https:\/\/willizblog.de\/index.php?rest_route=%2Fwp%2Fv2%2Ftags&post=11026"}],"curies":[{"name":"wp","href":"https:\/\/api.w.org\/{rel}","templated":true}]}}