{"id":1103,"date":"2008-02-17T00:03:47","date_gmt":"2008-02-16T22:03:47","guid":{"rendered":"http:\/\/www.albinz.de\/blog\/?p=1103"},"modified":"2008-02-16T15:41:50","modified_gmt":"2008-02-16T13:41:50","slug":"christas-barchen-03-erwin","status":"publish","type":"post","link":"https:\/\/willizblog.de\/?p=1103","title":{"rendered":"Christas B\u00e4rchen 03: Erwin"},"content":{"rendered":"<p>Bereits 10 Jahre alt ist der J\u00e4gerb\u00e4r Erwin, den ich f\u00fcr meine Frau Anfang 1998 in einem Wein- und Geschenkeladen in der N\u00e4he von Spr\u00f6tze bei uns in Niedersachsen gekauft habe. Es ist ein Teddy aus Ursula Gehlmanns B\u00e4renfamilie von D-48734 Reken (Maria-Veen) aus Deutschland. Bemerkenswert bei dem gezeigten Teddyb\u00e4r &#8222;Erwin&#8220; ist die liebevolle, hochwertige Verarbeitung. Besonderes Augenmerk gilt der exklusiven Kleidung und den originellen Accessoires. Die K\u00fcnstlerin Ursula Gehlmann stellt altershalber leider keine Teddy&#8217;s mehr her.<\/p>\n<table border=\"0\" cellpadding=\"5\" cellspacing=\"0\" width=\"550\">\n<tr>\n<td width=\"370\" align=\"center\"><img loading=\"lazy\" border=\"0\" src=\"https:\/\/www.willizblog.de\/blogpicts\/baerchen_03_1998_erwin.jpg\" alt=\"Christas B\u00e4rchen: J\u00e4gerb\u00e4r Erwin\" width=\"360\" height=\"540\"><\/td>\n<td width=\"180\" rowspan=\"3\">\n<p>\u00a0<\/p>\n<p><font face=\"Lucida Grande, Lucida Sans Unicode, Verdana, sans-serif\" size=\"2\">J\u00e4gerb\u00e4r Erwin aus Gehlmann&#8217;s B\u00e4renfamilie mit exklusiver Kleidung (Hose, J\u00e4gerjacke und -hut mit Federn, Hemd und Krawatte) und origiellen Accessoires: Gewehr aus Holz und Fasan auf der Schulter<\/font><\/p>\n<p><font face=\"Lucida Grande, Lucida Sans Unicode, Verdana, sans-serif\" size=\"2\">Ursula Gehlmann<br \/>\nD-48734 Reken (Maria-Veen)<\/font><\/p>\n<\/td>\n<\/tr>\n<tr>\n<td width=\"370\" align=\"center\"><font face=\"Lucida Grande, Lucida Sans Unicode, Verdana, sans-serif\" size=\"2\">J\u00e4gerb\u00e4r Erwin aus <a href=\"http:\/\/www.kunstgewerbe-gehlmann.de\/index.html\" target=\"_blank\">Gehlmann&#8217;s B\u00e4renfamilie<\/a><\/font><\/td>\n<\/tr>\n<tr>\n<td width=\"370\" align=\"center\"><font face=\"Lucida Grande, Lucida Sans Unicode, Verdana, sans-serif\" size=\"2\">gekauft 14.01.1998 in der N\u00e4he von Spr\u00f6tze\/Niedersachsen &#8211; Preis 199 DM<\/font><\/td>\n<\/tr>\n<\/table>\n","protected":false},"excerpt":{"rendered":"<p>Bereits 10 Jahre alt ist der J\u00e4gerb\u00e4r Erwin, den ich f\u00fcr meine Frau Anfang 1998 in einem Wein- und Geschenkeladen in der N\u00e4he von Spr\u00f6tze bei uns in Niedersachsen gekauft habe. Es ist ein Teddy aus Ursula Gehlmanns B\u00e4renfamilie von D-48734 Reken (Maria-Veen) aus Deutschland. Bemerkenswert bei dem gezeigten Teddyb\u00e4r &#8222;Erwin&#8220; ist die liebevolle, hochwertige &hellip; <a href=\"https:\/\/willizblog.de\/?p=1103\" class=\"more-link\"><span class=\"screen-reader-text\">Christas B\u00e4rchen 03: Erwin<\/span> weiterlesen <span class=\"meta-nav\">&rarr;<\/span><\/a><\/p>\n","protected":false},"author":1,"featured_media":0,"comment_status":"open","ping_status":"closed","sticky":false,"template":"","format":"standard","meta":[],"categories":[45],"tags":[],"_links":{"self":[{"href":"https:\/\/willizblog.de\/index.php?rest_route=\/wp\/v2\/posts\/1103"}],"collection":[{"href":"https:\/\/willizblog.de\/index.php?rest_route=\/wp\/v2\/posts"}],"about":[{"href":"https:\/\/willizblog.de\/index.php?rest_route=\/wp\/v2\/types\/post"}],"author":[{"embeddable":true,"href":"https:\/\/willizblog.de\/index.php?rest_route=\/wp\/v2\/users\/1"}],"replies":[{"embeddable":true,"href":"https:\/\/willizblog.de\/index.php?rest_route=%2Fwp%2Fv2%2Fcomments&post=1103"}],"version-history":[{"count":0,"href":"https:\/\/willizblog.de\/index.php?rest_route=\/wp\/v2\/posts\/1103\/revisions"}],"wp:attachment":[{"href":"https:\/\/willizblog.de\/index.php?rest_route=%2Fwp%2Fv2%2Fmedia&parent=1103"}],"wp:term":[{"taxonomy":"category","embeddable":true,"href":"https:\/\/willizblog.de\/index.php?rest_route=%2Fwp%2Fv2%2Fcategories&post=1103"},{"taxonomy":"post_tag","embeddable":true,"href":"https:\/\/willizblog.de\/index.php?rest_route=%2Fwp%2Fv2%2Ftags&post=1103"}],"curies":[{"name":"wp","href":"https:\/\/api.w.org\/{rel}","templated":true}]}}