{"id":11044,"date":"2020-07-28T07:47:56","date_gmt":"2020-07-28T07:47:56","guid":{"rendered":"https:\/\/willizblog.de\/?p=11044"},"modified":"2020-07-28T07:54:06","modified_gmt":"2020-07-28T07:54:06","slug":"willis-plaudereien-8-die-grosse-freiheit","status":"publish","type":"post","link":"https:\/\/willizblog.de\/?p=11044","title":{"rendered":"Willis Plaudereien (8): Die &#8218;gro\u00dfe Freiheit&#8216;"},"content":{"rendered":"<ul><em>Wie Hamburg habe ich meine <a href=\"https:\/\/de.wikipedia.org\/wiki\/Gro%C3%9Fe_Freiheit\" rel=\"noopener noreferrer\" target=\"_blank\">&#8222;Gro\u00dfe Freiheit&#8216;<\/a>. In allem. Ich halte mich nicht einmal an den Kalender. Wieso Neujahr feiern? An jedem Tag beginnt ein neues Jahr.<\/em><br \/>\n<a href=\"https:\/\/de.wikipedia.org\/wiki\/Tomi_Ungerer\" rel=\"noopener noreferrer\" target=\"_blank\">Tomi Ungerer<\/a><\/ul>\n<p>Der Mann hatte gut reden. Nat\u00fcrlich kann jeder sich, anders als die anderen, an eigene Regeln halten, und \u00fcbliche Gesetzm\u00e4\u00dfigkeiten au\u00dfer Acht lassen. Irgendwann soll endlich die Umstellung zwischen Sommer- und Winterzeit entfallen. Da soll es aber schon heute Leute geben, die das gar nicht interessiert. Die haben immer Winterzeit (die Normalzeit \u00fcbrigens). Bei denen ist es nicht 15, sondern erst 14 Uhr. Auf diese Art leben die Guten eine Stunde &#8218;l\u00e4nger&#8216;.<\/p>\n<p>Und ab einem bestimmten Alter wollen einige wiederum nicht mehr \u00e4lter werden. Die bleiben 39 oder 49 oder 59 und eines Tages &#8218;vergessen&#8216; sie ganz einfach ihren Geburtstag (entsprechende Daten bei Facebook, Twitter usw. beizeiten l\u00f6schen). Und wer mit Geschenken kommt, wird erschlagen.<\/p>\n<p><img src=\"https:\/\/www.willizblog.de\/pics\/willi_mit_helm_2019_idar_obersteinunscharf.jpg\" alt=\"Willi mit Helm - unscharf (Edelsteinminen Idar-Oberstein Juli 2019)\" title=\"Willi mit Helm - unscharf (Edelsteinminen Idar-Oberstein Juli 2019)\" \/><br \/>\nWilli mit Helm &#8211; unscharf (Edelsteinminen Idar-Oberstein Juli 2019)<\/p>\n<p>Und f\u00fcr viele ist jeder neue Tag nicht nur der Beginn eines neuen Jahres (wie bei Herrn Ungerer), sondern sogar der Anfang eines neuen Lebens. <strong>Da w\u00e4rst Du platt, lieber Tomi!<\/strong><\/p>\n","protected":false},"excerpt":{"rendered":"<p>Wie Hamburg habe ich meine &#8222;Gro\u00dfe Freiheit&#8216;. In allem. Ich halte mich nicht einmal an den Kalender. Wieso Neujahr feiern? An jedem Tag beginnt ein neues Jahr. Tomi Ungerer Der Mann hatte gut reden. Nat\u00fcrlich kann jeder sich, anders als die anderen, an eigene Regeln halten, und \u00fcbliche Gesetzm\u00e4\u00dfigkeiten au\u00dfer Acht lassen. Irgendwann soll endlich &hellip; <a href=\"https:\/\/willizblog.de\/?p=11044\" class=\"more-link\"><span class=\"screen-reader-text\">Willis Plaudereien (8): Die &#8218;gro\u00dfe Freiheit&#8216;<\/span> weiterlesen <span class=\"meta-nav\">&rarr;<\/span><\/a><\/p>\n","protected":false},"author":1,"featured_media":0,"comment_status":"open","ping_status":"open","sticky":false,"template":"","format":"standard","meta":[],"categories":[30],"tags":[],"_links":{"self":[{"href":"https:\/\/willizblog.de\/index.php?rest_route=\/wp\/v2\/posts\/11044"}],"collection":[{"href":"https:\/\/willizblog.de\/index.php?rest_route=\/wp\/v2\/posts"}],"about":[{"href":"https:\/\/willizblog.de\/index.php?rest_route=\/wp\/v2\/types\/post"}],"author":[{"embeddable":true,"href":"https:\/\/willizblog.de\/index.php?rest_route=\/wp\/v2\/users\/1"}],"replies":[{"embeddable":true,"href":"https:\/\/willizblog.de\/index.php?rest_route=%2Fwp%2Fv2%2Fcomments&post=11044"}],"version-history":[{"count":0,"href":"https:\/\/willizblog.de\/index.php?rest_route=\/wp\/v2\/posts\/11044\/revisions"}],"wp:attachment":[{"href":"https:\/\/willizblog.de\/index.php?rest_route=%2Fwp%2Fv2%2Fmedia&parent=11044"}],"wp:term":[{"taxonomy":"category","embeddable":true,"href":"https:\/\/willizblog.de\/index.php?rest_route=%2Fwp%2Fv2%2Fcategories&post=11044"},{"taxonomy":"post_tag","embeddable":true,"href":"https:\/\/willizblog.de\/index.php?rest_route=%2Fwp%2Fv2%2Ftags&post=11044"}],"curies":[{"name":"wp","href":"https:\/\/api.w.org\/{rel}","templated":true}]}}