{"id":1105,"date":"2008-02-18T00:01:38","date_gmt":"2008-02-17T22:01:38","guid":{"rendered":"http:\/\/www.albinz.de\/blog\/?p=1105"},"modified":"2008-02-17T15:18:32","modified_gmt":"2008-02-17T13:18:32","slug":"jethro-tull-und-%e2%80%9ealte-freunde%e2%80%9c","status":"publish","type":"post","link":"https:\/\/willizblog.de\/?p=1105","title":{"rendered":"Jethro Tull und \u201eAlte Freunde\u201c"},"content":{"rendered":"<p>Heute am 18.02.2008 zeigt das ZDF ab 20 Uhr 15 als <a href=\"http:\/\/www.zdf.de\/ZDFde\/inhalt\/29\/0,1872,2101149_idDispatch:7408519,00.html\" target=\"_blank\">Fernsehfilm der Woche \u201eAlte Freunde\u201c<\/a>, einen Film in der Regie von Friedemann Fromm, u.a. mit J\u00fcrgen Vogel und Marie B\u00e4umer. Laut Voranzeige (Trailer nennt man das heute) wird im Soundtrack (Filmmusik) auch \u201eLocomotive Breath\u201c von Jethro Tull angespielt. Es geht um die Generation zwischen Woodstock und Punk, der <a href=\"https:\/\/www.willizblog.de\/?p=143\" target=\"_blank\">ich mich (gerade noch so) zugeh\u00f6rig f\u00fchlen<\/a> darf, und verbindet einen Krimiplot mit Gedanken \u00fcber Liebe, Gl\u00fcck und Tr\u00e4ume \u2013 glaubw\u00fcrdig inszeniert und toll gespielt. Die \u201ealten Freunde\u201c sind um die 40 Jahre alt. Es ist die Zeit, in der man eine erste Bilanz zieht und schaut, was von dem, was man wollte, Realit\u00e4t geworden ist, und was man auf dem Weg verloren hat. Es handelt u.a. von verloren geglaubten Tr\u00e4umen und der nie zu sp\u00e4ten Suche nach Gl\u00fcck \u2026<\/p>\n<p><img src=\"https:\/\/www.willizblog.de\/blogpicts\/zdf_alte_freunde.jpg\" alt=\"ZDF: Alte Freunde\" \/><\/p>\n<p>Zum Inhalt: Zur Beerdigung eines alten Freundes kehrt Christian (J\u00fcrgen Vogel) in seinen Heimatort zur\u00fcck. Seine alten Freunde sind alle noch da: Jens (Oliver Breite) ist Hauptkommissar, Fritz (Robert Schupp) f\u00fchrt ein Juweliergesch\u00e4ft, Bildhauer Flo (J\u00fcrgen Tonkel) steht vor der Pleite, hat aber Margret (Marie B\u00e4umer) geheiratet, das umschw\u00e4rmte M\u00e4dchen der Gruppe. Und einen Plan, seinem Gl\u00fcck auf die Spr\u00fcnge zu helfen: Flo will Fritz\u2019 Laden ausrauben. Auf der Flucht soll Christian das Motorrad fahren. Der Coup gelingt. Aber dann werden sie von einer vermummten Gestalt \u00fcberw\u00e4ltigt. Wer ist der Verr\u00e4ter?<\/p>\n<p>siehe auch: <a href=\"http:\/\/fernsehfilm.zdf.de\/ZDFde\/inhalt\/31\/0,1872,7152543,00.html\" target=\"_blank\">&#8222;Es war viel Rock&#8217;n&#8217;Roll in dem Projekt&#8220;<\/a><\/p>\n","protected":false},"excerpt":{"rendered":"<p>Heute am 18.02.2008 zeigt das ZDF ab 20 Uhr 15 als Fernsehfilm der Woche \u201eAlte Freunde\u201c, einen Film in der Regie von Friedemann Fromm, u.a. mit J\u00fcrgen Vogel und Marie B\u00e4umer. Laut Voranzeige (Trailer nennt man das heute) wird im Soundtrack (Filmmusik) auch \u201eLocomotive Breath\u201c von Jethro Tull angespielt. Es geht um die Generation zwischen &hellip; <a href=\"https:\/\/willizblog.de\/?p=1105\" class=\"more-link\"><span class=\"screen-reader-text\">Jethro Tull und \u201eAlte Freunde\u201c<\/span> weiterlesen <span class=\"meta-nav\">&rarr;<\/span><\/a><\/p>\n","protected":false},"author":1,"featured_media":0,"comment_status":"open","ping_status":"closed","sticky":false,"template":"","format":"standard","meta":[],"categories":[13,9],"tags":[],"_links":{"self":[{"href":"https:\/\/willizblog.de\/index.php?rest_route=\/wp\/v2\/posts\/1105"}],"collection":[{"href":"https:\/\/willizblog.de\/index.php?rest_route=\/wp\/v2\/posts"}],"about":[{"href":"https:\/\/willizblog.de\/index.php?rest_route=\/wp\/v2\/types\/post"}],"author":[{"embeddable":true,"href":"https:\/\/willizblog.de\/index.php?rest_route=\/wp\/v2\/users\/1"}],"replies":[{"embeddable":true,"href":"https:\/\/willizblog.de\/index.php?rest_route=%2Fwp%2Fv2%2Fcomments&post=1105"}],"version-history":[{"count":0,"href":"https:\/\/willizblog.de\/index.php?rest_route=\/wp\/v2\/posts\/1105\/revisions"}],"wp:attachment":[{"href":"https:\/\/willizblog.de\/index.php?rest_route=%2Fwp%2Fv2%2Fmedia&parent=1105"}],"wp:term":[{"taxonomy":"category","embeddable":true,"href":"https:\/\/willizblog.de\/index.php?rest_route=%2Fwp%2Fv2%2Fcategories&post=1105"},{"taxonomy":"post_tag","embeddable":true,"href":"https:\/\/willizblog.de\/index.php?rest_route=%2Fwp%2Fv2%2Ftags&post=1105"}],"curies":[{"name":"wp","href":"https:\/\/api.w.org\/{rel}","templated":true}]}}