{"id":11059,"date":"2020-08-07T10:24:27","date_gmt":"2020-08-07T10:24:27","guid":{"rendered":"https:\/\/willizblog.de\/?p=11059"},"modified":"2020-08-07T10:25:37","modified_gmt":"2020-08-07T10:25:37","slug":"kurz-und-spitz-01-polterer","status":"publish","type":"post","link":"https:\/\/willizblog.de\/?p=11059","title":{"rendered":"Kurz und spitz (01): Polterer"},"content":{"rendered":"<ul><em>Die Deutschen sind Polterer, ob von links oder von rechts. Es fehlt ihnen das Verm\u00f6gen zur feinen Spitze, zur eleganten Ironie, die den Gegner blo\u00dfstellt, ohne ihn zu vergr\u00f6\u00dfern.<\/em><br \/>\n<a href=\"https:\/\/de.wikipedia.org\/wiki\/Dirk_Kurbjuweit\" rel=\"noopener noreferrer\" target=\"_blank\">Dirk Kurbjuweit<\/a><\/ul>\n<p><img src=\" https:\/\/www.willizblog.de\/pics\/kurz_und_spitz.jpg\" alt=\"Kurz und spitz: Polterer\" title=\"Kurz und spitz: Polterer\" \/><br \/>\nKurz und spitz: Polterer<\/p>\n<p>Hier entsteht eine neue Rubrik, eine neue Kategorie (wie es in Blogs auch genannt wird), in der kurz, daf\u00fcr m\u00f6glichst spitz, Gedanken formuliert werden, die Ansto\u00df zum \u00dcberdenken geben sollen.<\/p>\n<p>Ja, feine Spitzen der Ironie gegen den Unverstand, die Ignoranz braucht das Land. Denn was mich immer wieder  wundert, gar \u00e4rgert, ist, wie es bei uns immer wieder geschafft wird, den Gegner gr\u00f6\u00dfer dazustellen, als er es ist. Wir m\u00fcssen wohl noch einiges lernen.<\/p>\n","protected":false},"excerpt":{"rendered":"<p>Die Deutschen sind Polterer, ob von links oder von rechts. Es fehlt ihnen das Verm\u00f6gen zur feinen Spitze, zur eleganten Ironie, die den Gegner blo\u00dfstellt, ohne ihn zu vergr\u00f6\u00dfern. Dirk Kurbjuweit Kurz und spitz: Polterer Hier entsteht eine neue Rubrik, eine neue Kategorie (wie es in Blogs auch genannt wird), in der kurz, daf\u00fcr m\u00f6glichst &hellip; <a href=\"https:\/\/willizblog.de\/?p=11059\" class=\"more-link\"><span class=\"screen-reader-text\">Kurz und spitz (01): Polterer<\/span> weiterlesen <span class=\"meta-nav\">&rarr;<\/span><\/a><\/p>\n","protected":false},"author":1,"featured_media":0,"comment_status":"open","ping_status":"open","sticky":false,"template":"","format":"standard","meta":[],"categories":[30],"tags":[],"_links":{"self":[{"href":"https:\/\/willizblog.de\/index.php?rest_route=\/wp\/v2\/posts\/11059"}],"collection":[{"href":"https:\/\/willizblog.de\/index.php?rest_route=\/wp\/v2\/posts"}],"about":[{"href":"https:\/\/willizblog.de\/index.php?rest_route=\/wp\/v2\/types\/post"}],"author":[{"embeddable":true,"href":"https:\/\/willizblog.de\/index.php?rest_route=\/wp\/v2\/users\/1"}],"replies":[{"embeddable":true,"href":"https:\/\/willizblog.de\/index.php?rest_route=%2Fwp%2Fv2%2Fcomments&post=11059"}],"version-history":[{"count":0,"href":"https:\/\/willizblog.de\/index.php?rest_route=\/wp\/v2\/posts\/11059\/revisions"}],"wp:attachment":[{"href":"https:\/\/willizblog.de\/index.php?rest_route=%2Fwp%2Fv2%2Fmedia&parent=11059"}],"wp:term":[{"taxonomy":"category","embeddable":true,"href":"https:\/\/willizblog.de\/index.php?rest_route=%2Fwp%2Fv2%2Fcategories&post=11059"},{"taxonomy":"post_tag","embeddable":true,"href":"https:\/\/willizblog.de\/index.php?rest_route=%2Fwp%2Fv2%2Ftags&post=11059"}],"curies":[{"name":"wp","href":"https:\/\/api.w.org\/{rel}","templated":true}]}}