{"id":11069,"date":"2020-08-19T17:57:51","date_gmt":"2020-08-19T17:57:51","guid":{"rendered":"https:\/\/willizblog.de\/?p=11069"},"modified":"2020-08-25T09:58:41","modified_gmt":"2020-08-25T09:58:41","slug":"wenn-der-vater-mit-seinen-soehnen","status":"publish","type":"post","link":"https:\/\/willizblog.de\/?p=11069","title":{"rendered":"Wenn der Vater mit seinen S\u00f6hnen \u2026"},"content":{"rendered":"<p>\u2026 auf Radtour geht, dann verr\u00e4t das viel \u00fcber das famili\u00e4re Verh\u00e4ltnis der Beteiligten. Immerhin sind meine S\u00f6hne 26 bzw. 29 Jahre alt. Aber mit dem Alten trauen sie sich immer noch. Und der Vater, also ich, nat\u00fcrlich auch mit ihnen!<\/p>\n<p>So machte ich mich mit meinen beiden S\u00f6hnen also am Sonntag, den 09. August auf, um \u00fcber Rotenburg\/W\u00fcmme, Bremen-Vegesack, Bremerhaven bis nach Cuxhaven zu radeln.<\/p>\n<p><img src=\"https:\/\/www.willizblog.de\/pics\/radtour2020_01_rot_01.jpg\" alt=\"Start der Radtour Tostedt \u2013 Rotenburg \u2013 Bremen-Vegesack \u2013 Bremerhaven - Cuxhaven\" title=\"Start der Radtour Tostedt \u2013 Rotenburg \u2013 Bremen-Vegesack \u2013 Bremerhaven - Cuxhaven\" \/><br \/>\nStart der Radtour Tostedt \u2013 Rotenburg \u2013 Bremen-Vegesack \u2013 Bremerhaven &#8211; Cuxhaven<\/p>\n<p>Wir hatten allerdings die hei\u00dfesten Tage dieses Jahres erwischt und kamen geh\u00f6rig ins Schwitzen. Alle Tage \u00fcber 30 \u00b0 C im Schatten, wobei es nur sehr selten Schatten gab. Einzige K\u00fchlung war der Fahrt-, oft auch ein starker Gegenwind, die aber alles andere als K\u00fchlung verhie\u00dfen.<\/p>\n<p><img src=\"https:\/\/www.willizblog.de\/pics\/radtour2020_03_brv_01.jpg\" alt=\"Auf der F\u00e4hre Bremen-Vegesack - Lemwerder\" title=\"Auf der F\u00e4hre Bremen-Vegesack - Lemwerder\" \/><br \/>\nAuf der F\u00e4hre Bremen-Vegesack &#8211; Lemwerder<\/p>\n<p>Eine Erfrischung gab es dann nach \u00fcber 240 km am Ziel, im Wattenmeer in Cuxhaven, wo wir dann auch zwei N\u00e4chte blieben, um uns zu erholen.<\/p>\n<p><img src=\"https:\/\/www.willizblog.de\/pics\/radtour2020_04_cux_03.jpg\" alt=\"Ziel erreicht in Cuxhaven: Hinein ins Wattenmeer\" title=\"Ziel erreicht in Cuxhaven: Hinein ins Wattenmeer\" \/><br \/>\nZiel erreicht in Cuxhaven: Hinein ins Wattenmeer<\/p>\n<p>Aus Zeitgr\u00fcnden endete in Cuxhaven dann auch unsere Radtour (der \u00e4ltere meine beiden S\u00f6hne musste nach Mannheim zur\u00fcck). So benutzten wir den Zug, um am Freitag, den 14. August, an den Ausgangspunkt unserer Reise in Tostedt zur\u00fcckzukehren.<\/p>\n<p>Zum Tourverlauf: Von Tostedt aus stie\u00dfen wir in Welle auf die S\u00fcdroute des <a href=\"https:\/\/www.wuemme-radweg.de\/\" target=\"_blank\" rel=\"noopener noreferrer\">W\u00fcmme-Radweges<\/a>. Und im Lemwerder (gegen\u00fcber von Bremen-Vegesack) auf der linken Weserseite ging es auf der 7., dann vom Bremerhaven bis Cuxhaven auf der 8. Etappe des <a href=\"https:\/\/www.weserradweg-info.de\/\" rel=\"noopener noreferrer\" target=\"_blank\">Weser-Radweges<\/a> weiter. Weiter Informationen samt technischem Hintergrund (GPS \u2013 Google Earth usw.) <a href=\"https:\/\/willizblog.de\/?p=11071\" rel=\"noopener noreferrer\" target=\"_blank\">hier demn\u00e4chst (in diesem Theater)<\/a>!<\/p>\n","protected":false},"excerpt":{"rendered":"<p>\u2026 auf Radtour geht, dann verr\u00e4t das viel \u00fcber das famili\u00e4re Verh\u00e4ltnis der Beteiligten. Immerhin sind meine S\u00f6hne 26 bzw. 29 Jahre alt. Aber mit dem Alten trauen sie sich immer noch. Und der Vater, also ich, nat\u00fcrlich auch mit ihnen! So machte ich mich mit meinen beiden S\u00f6hnen also am Sonntag, den 09. August &hellip; <a href=\"https:\/\/willizblog.de\/?p=11069\" class=\"more-link\"><span class=\"screen-reader-text\">Wenn der Vater mit seinen S\u00f6hnen \u2026<\/span> weiterlesen <span class=\"meta-nav\">&rarr;<\/span><\/a><\/p>\n","protected":false},"author":1,"featured_media":0,"comment_status":"open","ping_status":"open","sticky":false,"template":"","format":"standard","meta":[],"categories":[10,11],"tags":[],"_links":{"self":[{"href":"https:\/\/willizblog.de\/index.php?rest_route=\/wp\/v2\/posts\/11069"}],"collection":[{"href":"https:\/\/willizblog.de\/index.php?rest_route=\/wp\/v2\/posts"}],"about":[{"href":"https:\/\/willizblog.de\/index.php?rest_route=\/wp\/v2\/types\/post"}],"author":[{"embeddable":true,"href":"https:\/\/willizblog.de\/index.php?rest_route=\/wp\/v2\/users\/1"}],"replies":[{"embeddable":true,"href":"https:\/\/willizblog.de\/index.php?rest_route=%2Fwp%2Fv2%2Fcomments&post=11069"}],"version-history":[{"count":0,"href":"https:\/\/willizblog.de\/index.php?rest_route=\/wp\/v2\/posts\/11069\/revisions"}],"wp:attachment":[{"href":"https:\/\/willizblog.de\/index.php?rest_route=%2Fwp%2Fv2%2Fmedia&parent=11069"}],"wp:term":[{"taxonomy":"category","embeddable":true,"href":"https:\/\/willizblog.de\/index.php?rest_route=%2Fwp%2Fv2%2Fcategories&post=11069"},{"taxonomy":"post_tag","embeddable":true,"href":"https:\/\/willizblog.de\/index.php?rest_route=%2Fwp%2Fv2%2Ftags&post=11069"}],"curies":[{"name":"wp","href":"https:\/\/api.w.org\/{rel}","templated":true}]}}