{"id":11073,"date":"2020-08-20T12:00:01","date_gmt":"2020-08-20T12:00:01","guid":{"rendered":"https:\/\/willizblog.de\/?p=11073"},"modified":"2020-08-20T14:30:03","modified_gmt":"2020-08-20T14:30:03","slug":"belarus-wohin-geht-der-weg","status":"publish","type":"post","link":"https:\/\/willizblog.de\/?p=11073","title":{"rendered":"Belarus \u2013 Wohin geht der Weg?"},"content":{"rendered":"<p>Beim <em>Messenger Telegram<\/em> gibt es den Kanal <a href=\"https:\/\/t.me\/free_belarus_news\/\" rel=\"noopener noreferrer\" target=\"_blank\">Free Belarus News<\/a>, \u00fcber den unabh\u00e4ngige Journalisten und Menschenrechtsaktivisten aus Belarus berichten. Die Nachrichten sind auf Russisch und Englisch und auch \u00fcber einen Webbrowser aufrufbar: <a href=\"https:\/\/t.me\/s\/free_belarus_news\" rel=\"noopener noreferrer\" target=\"_blank\"><strong>Free Belarus News<\/strong><\/a><\/p>\n<p><img src=\"https:\/\/www.willizblog.de\/pics\/lukaschenko_stich.jpg\" alt=\"Lukaschenko hat einen Stich\" title=\"Lukaschenko hat einen Stich\" \/><br \/>\nLukaschenko hat einen Stich<\/p>\n<p>Politikwissenschaftler und viele andere sind es, die \u00fcber die m\u00f6glichen Szenarien r\u00e4tseln, die sich in dem Land ereignen k\u00f6nnten. Auch ich habe mir Gedanken dar\u00fcber gemacht, was auf Belarus zukommen k\u00f6nnte, denn die Ereignisse in dem Land besch\u00e4ftigen mich aus gegebenen Anl\u00e4ssen (siehe meinen Beitrag <a href=\"https:\/\/willizblog.de\/?p=11065\" rel=\"noopener noreferrer\" target=\"_blank\">\u201eMarsch der Freiheit\u201c in Belarus<\/a>) doch sehr:<\/p>\n<p>1. Lukaschenko setzt zun\u00e4chst auf Zeit und hofft wohl, dass sich die Proteste gegen ihn mit der Zeit verlaufen. Daf\u00fcr spricht, dass den Protestierenden das Geld ausgeht. Wer nicht arbeitet, bekommt kein Geld. Und Ersparnisse haben die meisten Belarusinnen und Belarusen nicht. Den Anf\u00fchrerinnen und Anf\u00fchrer der jetzigen Protestbewegung w\u00fcrde man die Ausreise gestatten. Daf\u00fcr spricht, dass man z.B. Pawel Latuschko, der entlassenen Direktor des Nationalen Akademischen Janka-Kupala-Theaters, <a href=\"https:\/\/t.me\/free_belarus_news\/1003\" rel=\"noopener noreferrer\" target=\"_blank\">in diesen Tagen angeboten hat, per Charterflug oder diplomatischem Auto das Land zu verlassen.<\/a> Verhaftungen der Oppositionsf\u00fchrung w\u00fcrden eher wieder zu erneuten Demonstrationen und Streiks f\u00fchren.<\/p>\n<p>2. Sollten die Proteste weiter andauern, so setzt Lukaschenko auf brutale Gewalt und l\u00e4sst sogar auf die Demonstranten schie\u00dfen. Das kann nicht ausgeschlossen werden. Ich denke aber, dass sich viele Polizisten und Soldaten \u00fcberlegen werden, ob sie auf das eigene Volk schie\u00dfen werden. Der &#8218;Schuss&#8216; w\u00fcrde eher nach hinten losgehen und dann endg\u00fcltig zum Sturz von Lukaschenko f\u00fchren.<\/p>\n<p>3. Lukaschenko hat Neuwahlen nicht vollst\u00e4ndig abgelegt. Die sollen aber erst nach einem Referendum \u00fcber eine neue Verfassung (die ja erst ausgearbeitet werden m\u00fcsste) stattfinden. Ob Lukaschenko das wirklich will, ist zu bezweifeln. Er will auf diese Weise nur Zeit gewinnen und hofft wie zu  Punkt 1, dass die Proteste mit der Zeit abebben.<\/p>\n<p>4. Wie es zz. aussieht, will Lukaschenko die Protestierenden mit kleinen Nadelstichen zerm\u00fcrben. Pawel Latuschko (Punkt 1) wird durch Schergen Lukaschenkos bedroht, wenn er nicht ausreist. Inzwischen kommt es wieder zu Verhaftungen \u2013 nicht von der Stra\u00dfe her, sondern aus den H\u00e4usern. Und der Generalstaatsanwalt k\u00fcndigte die <a href=\"https:\/\/t.me\/sputnikby\/4903\" rel=\"noopener noreferrer\" target=\"_blank\">Einleitung einer strafrechtlichen Untersuchung gegen den Koordinierungsrat<\/a> an, da dieser \u201eauf die \u00dcbernahme der Staatsmacht abzielt und die nationale Sicherheit der Republik Belarus sch\u00e4digt\u201c. Das spricht f\u00fcr eine schrittweise Eskalation der Situation.<\/p>\n<p>5. Vielleicht das W\u00fcnschenswerteste: Moskau lenkt ein, aber nicht milit\u00e4risch, im Gegenteil: Putin biete Lukaschenko Asyl an und das n\u00f6tige Kleingeld, damit dieser seinen Lebensabend in Ruhe verbringen kann, wenn er abdankt. Aus heutiger Sicht ist das reines Wunschdenken. <\/p>\n<p>Ich bin wirklich gespannt, wie sich die Situation in Belarus in der n\u00e4chster Zeit entwickelt. Russland spielt dabei sicherlich eine gro\u00dfe Rolle, soweit Lukaschenko auf Putin h\u00f6ren mag. Dieser wird wohl kaum auf milit\u00e4rische Aktionen setzen, denn damit w\u00e4re die Spitze der Eskalation erreicht.<\/p>\n","protected":false},"excerpt":{"rendered":"<p>Beim Messenger Telegram gibt es den Kanal Free Belarus News, \u00fcber den unabh\u00e4ngige Journalisten und Menschenrechtsaktivisten aus Belarus berichten. Die Nachrichten sind auf Russisch und Englisch und auch \u00fcber einen Webbrowser aufrufbar: Free Belarus News Lukaschenko hat einen Stich Politikwissenschaftler und viele andere sind es, die \u00fcber die m\u00f6glichen Szenarien r\u00e4tseln, die sich in dem &hellip; <a href=\"https:\/\/willizblog.de\/?p=11073\" class=\"more-link\"><span class=\"screen-reader-text\">Belarus \u2013 Wohin geht der Weg?<\/span> weiterlesen <span class=\"meta-nav\">&rarr;<\/span><\/a><\/p>\n","protected":false},"author":1,"featured_media":0,"comment_status":"open","ping_status":"open","sticky":false,"template":"","format":"standard","meta":[],"categories":[20],"tags":[479,482,481,484,480,483],"_links":{"self":[{"href":"https:\/\/willizblog.de\/index.php?rest_route=\/wp\/v2\/posts\/11073"}],"collection":[{"href":"https:\/\/willizblog.de\/index.php?rest_route=\/wp\/v2\/posts"}],"about":[{"href":"https:\/\/willizblog.de\/index.php?rest_route=\/wp\/v2\/types\/post"}],"author":[{"embeddable":true,"href":"https:\/\/willizblog.de\/index.php?rest_route=\/wp\/v2\/users\/1"}],"replies":[{"embeddable":true,"href":"https:\/\/willizblog.de\/index.php?rest_route=%2Fwp%2Fv2%2Fcomments&post=11073"}],"version-history":[{"count":0,"href":"https:\/\/willizblog.de\/index.php?rest_route=\/wp\/v2\/posts\/11073\/revisions"}],"wp:attachment":[{"href":"https:\/\/willizblog.de\/index.php?rest_route=%2Fwp%2Fv2%2Fmedia&parent=11073"}],"wp:term":[{"taxonomy":"category","embeddable":true,"href":"https:\/\/willizblog.de\/index.php?rest_route=%2Fwp%2Fv2%2Fcategories&post=11073"},{"taxonomy":"post_tag","embeddable":true,"href":"https:\/\/willizblog.de\/index.php?rest_route=%2Fwp%2Fv2%2Ftags&post=11073"}],"curies":[{"name":"wp","href":"https:\/\/api.w.org\/{rel}","templated":true}]}}