{"id":11084,"date":"2020-08-23T18:59:12","date_gmt":"2020-08-23T18:59:12","guid":{"rendered":"https:\/\/willizblog.de\/?p=11084"},"modified":"2020-08-23T18:59:12","modified_gmt":"2020-08-23T18:59:12","slug":"radtour-2020-wuemme-weser-etappe-3-bremen-vegesack-bremerhaven","status":"publish","type":"post","link":"https:\/\/willizblog.de\/?p=11084","title":{"rendered":"Radtour 2020: W\u00fcmme-Weser &#8211; Etappe 3: Bremen-Vegesack &#8211; Bremerhaven"},"content":{"rendered":"<p>Frisch gemacht und durch das reichhaltige Fr\u00fchst\u00fcck gest\u00e4rkt ging es am Dienstag, den 11. August, um 9 Uhr 45 auf unsere 3. Etappe von Bremen-Vegesack nach Bremerhaven. Zun\u00e4chst mussten wir die Weserseite wechseln und benutzten hierf\u00fcr die <a href=\"https:\/\/www.faehren-bremen.de\/\" rel=\"noopener noreferrer\" target=\"_blank\">F\u00e4hre Bremen-Vegesack &#8211; Lemwerder<\/a>. Eigentlich geh\u00f6rt diese \u00dcberfahrt noch zum <a href=\"https:\/\/www.wuemme-radweg.de\/index.php?id=23\" rel=\"noopener noreferrer\" target=\"_blank\">W\u00fcmme-Radweg<\/a>. <\/p>\n<p><img src=\"https:\/\/www.willizblog.de\/pics\/radtour2020_03_brv_01.jpg\" alt=\"Auf der F\u00e4hre Bremen-Vegesack - Lemwerder\" title=\"Auf der F\u00e4hre Bremen-Vegesack - Lemwerder\" \/><br \/>\nAuf der F\u00e4hre Bremen-Vegesack &#8211; Lemwerder<\/p>\n<p>Auf der linken Weserseite trafen wir dann auf die 7. Etappe des<a href=\"https:\/\/www.weserradweg-info.de\/etappen-highlights\/etappen.html\" rel=\"noopener noreferrer\" target=\"_blank\"> Weser-Radweges<\/a>, der uns \u00fcber Elsfleth (davor mussten wir einen Bogen um die Einm\u00fcndung der Hunte in die Weser fahren), Brake und Rodenkirchen bis Nordenham brachte. Der Weg f\u00fchrte lange Strecken am Weserdeich entlang, bot hier keinen Schatten und bei \u00fcber 33 \u00b0 C (im Schatten) und zudem viel Gegenwind wurde es wirklich wieder strapazi\u00f6s. <\/p>\n<p><img src=\"https:\/\/www.willizblog.de\/pics\/radtour2020_03_brv_02.jpg\" alt=\"Am Weserdeich l\u00e4ngs\" title=\"Am Weserdeich l\u00e4ngs\" \/><br \/>\nAm Weserdeich l\u00e4ngs<\/p>\n<p>In Brake kamen wir an dem kleinen Hafen vorbei und sichteten dort ein Fischrestaurant. Es war Zeit f\u00fcr einen kleinen Imbiss. Und so g\u00f6nnten wir uns jeder zu einem kalten Getr\u00e4nk ein dickes Fischbr\u00f6tchen.<\/p>\n<p><img src=\"https:\/\/www.willizblog.de\/pics\/radtour2020_03_brv_03.jpg\" alt=\"Blick auf die Weser bei Nordenham\" title=\"Blick auf die Weser bei Nordenham\" \/><br \/>\nBlick auf die Weser bei Nordenham<\/p>\n<p>So gest\u00e4rkt ging es also nach Nordenham in den Ortsteil Blexen, von wo aus wir mit der <a href=\"https:\/\/www.weserfaehre.de\/startseite\/\" rel=\"noopener noreferrer\" target=\"_blank\">F\u00e4hre nach Bremerhaven<\/a> wieder die Weserseite wechselten. Das Teilst\u00fcck Nordenham-Mitte \u2013 Blexen geh\u00f6rt \u00fcbrigens schon zur 8. Etappe des Weser-Radweges.<\/p>\n<p>In der N\u00e4he des Weser-Radweges und zudem zentral in der N\u00e4he des <a href=\"https:\/\/www.klimahaus-bremerhaven.de\/\" rel=\"noopener noreferrer\" target=\"_blank\">Klimahauses 8 \u00b0 Ost<\/a>, des <a href=\"https:\/\/dah-bremerhaven.de\/\" rel=\"noopener noreferrer\" target=\"_blank\">Deutschen Auswandererhauses<\/a>, des <a href=\"https:\/\/zoo-am-meer-bremerhaven.de\/\" rel=\"noopener noreferrer\" target=\"_blank\">Zoos am Meer<\/a> (mit den angeblich <a href=\"https:\/\/www.youtube.com\/watch?v=23zbKZ1tD_I\" rel=\"noopener noreferrer\" target=\"_blank\">schwulen Pinguinen<\/a>), des <a href=\"https:\/\/www.dsm.museum\/\" rel=\"noopener noreferrer\" target=\"_blank\">Deutschen Schiffahrtsmuseums<\/a> und <a href=\"https:\/\/www.bremerhaven.de\/de\/tourismus\/schiffe-haefen\/neuer-hafen.36244.html\" rel=\"noopener noreferrer\" target=\"_blank\">des neuen Hafens<\/a> mit seinen vielen Booten hatten wir unsere n\u00e4chste Unterkunft gebucht: das <a href=\"https:\/\/www.hotel-bb.com\/de\/hotel\/bremerhaven\" rel=\"noopener noreferrer\" target=\"_blank\">B&#038;B Hotel Bremerhaven<\/a>.<\/p>\n<p>An diesem Dienstag (11.08.) hatten wir 66,5 km zur\u00fcckgelegt und waren erst nach sieben Stunden gegen 16 Uhr 45 in Bremerhaven angekommen. Dabei m\u00fcssen aber \u00fcber zwei Stunden an Pausen und Warte- und F\u00e4hrzeiten abgezogen werden. Es war zudem der hei\u00dfeste Tag w\u00e4hrend unserer Tour.<\/p>\n<p>Im Hotel hatten wir wieder ein Dreibettzimmer, das allerdings deutlich kleiner ausfiel als die Zimmer zuvor. Aber das sollte uns nicht st\u00f6ren, da es vor allem einen gro\u00dfen Pluspunkt aufwies: das Zimmer hatte Klimaanlage.<\/p>\n<p>Nach dem Duschen und Umziehen gingen meine beiden S\u00f6hne mit mir in Richtung neuer Hafen, um dort in einem kleinen, aber feinen Bistro mit Blick auf die Boote im Hafen zu Abend zu essen: <a href=\"https:\/\/www.im-jaich.de\/urlaub\/hotel-bremerhaven\/kulinarisches\/\" rel=\"noopener noreferrer\" target=\"_blank\">im jaich &#8211; Caf\u00e9 &#038; Bistro \u00dcbersee<\/a><\/p>\n<p>Zu einem leckeren <a href=\"http:\/\/steuermanns.de\/Start\/\" rel=\"noopener noreferrer\" target=\"_blank\">Steuermanns Bier<\/a> gab es <a href=\"https:\/\/www.im-jaich.de\/fileadmin\/user_upload\/5_PDFs_und_Dokumente\/Mai_20_speisekarte_corona_a4__1_.pdf\" rel=\"noopener noreferrer\" target=\"_blank\">Kulinarisches aus der &#8218;Region&#8216;<\/a>: <em>Labskaus<\/em> bzw. <em>Matjes Hausfrauenart<\/em> \u2013 nichts Aufregendes, aber besonders schmackhaft. Kann ich nur weiterempfehlen.<\/p>\n<div align=\"justify\">\n<table border=\"0\" width=\"100%\">\n<tr>\n<td width=\"100%\"><font color=\"#008000\">In meinem Beitrag <a href=\"https:\/\/willizblog.de\/?p=11071\" rel=\"noopener noreferrer\" target=\"_blank\">Radtour 2020: GPS, Google Earth und mehr<\/a> habe ich mich schon etwas genauer \u00fcber die technische Seite einer solchen Radtour ge\u00e4u\u00dfert. Hier die n\u00f6tigen Erg\u00e4nzungen: Per Smartphone (mit Funknetz, also mobilem Internet) hatten wir uns den <a href=\"https:\/\/play.google.com\/store\/apps\/details?id=com.vecturagames.android.app.gpxviewer&#038;hl=de\" rel=\"noopener noreferrer\" target=\"_blank\">GPX Viewer<\/a> heruntergeladen, der sowohl GPX- als auch KML-Dateien unterst\u00fctzt. Diese Daten f\u00fcr den Weser-Radweg fanden wir im Internet wie folgt:<\/p>\n<p>1. Die 7. Etappe des Weser-Radweges im Internet aufrufen: <a href=\"https:\/\/www.weserradweg-info.de\/etappen-highlights\/etappen\/etappe-7-bremen-bis-nordenhambremerhaven.html\" rel=\"noopener noreferrer\" target=\"_blank\">7. Etappe<\/a><br \/>\n2. Download der GPX- bzw. KML-Datei \u00fcber entsprechende Buttons ansteuern, dr\u00fccken und dann herunterladen<\/p>\n<p>Des Weiteren:<br \/>\n1. <a href=\"https:\/\/play.google.com\/store\/apps\/details?id=com.vecturagames.android.app.gpxviewer&#038;hl=de\" rel=\"noopener noreferrer\" target=\"_blank\">GPX Viewer-App<\/a> herunterladen<br \/>\n2. Men\u00fc aufrufen und mit \u201aDateien \u00f6ffnen\u2018 die entsprechende GPX-Datei anklicken (es k\u00f6nnen auch mehrere sein), dann auf \u00f6ffnen klicken<\/font><\/td>\n<\/tr>\n<\/table>\n<\/div>\n<p><iframe loading=\"lazy\" src=\"https:\/\/www.facebook.com\/plugins\/post.php?href=https%3A%2F%2Fwww.facebook.com%2Fwillizblog%2Fposts%2F3820439111306510&#038;show_text=true&#038;width=552&#038;height=612&#038;appId\" width=\"552\" height=\"612\" style=\"border:none;overflow:hidden\" scrolling=\"no\" frameborder=\"0\" allowTransparency=\"true\" allow=\"encrypted-media\"><\/iframe><br \/>\nAuswahl von Bildern auf meiner <a href=\"https:\/\/www.facebook.com\/willizblog\/posts\/3820439111306510\" rel=\"noopener noreferrer\" target=\"_blank\">Facebook-Seite<\/a><\/p>\n<p>Siehe auch:<br \/>\n<a href=\"https:\/\/willizblog.de\/?p=11069\" rel=\"noopener noreferrer\" target=\"_blank\">Wenn der Vater mit seinen S\u00f6hnen \u2026<\/a><br \/>\n<a href=\"https:\/\/willizblog.de\/?p=11071\" rel=\"noopener noreferrer\" target=\"_blank\">Radtour 2020: GPS, Google Earth und mehr<\/a><br \/>\n<a href=\"https:\/\/willizblog.de\/?p=11077\" rel=\"noopener noreferrer\" target=\"_blank\">Radtour 2020: W\u00fcmme-Weser &#8211; Etappe 1: Tostedt &#8211; Rotenburg\/W\u00fcmme<\/a><br \/>\n<a href=\"https:\/\/willizblog.de\/?p=11081\" rel=\"noopener noreferrer\" target=\"_blank\">Radtour 2020: W\u00fcmme-Weser &#8211; Etappe 2: Rotenburg\/W\u00fcmme &#8211; Bremen-Vegesack<\/a><\/p>\n","protected":false},"excerpt":{"rendered":"<p>Frisch gemacht und durch das reichhaltige Fr\u00fchst\u00fcck gest\u00e4rkt ging es am Dienstag, den 11. August, um 9 Uhr 45 auf unsere 3. Etappe von Bremen-Vegesack nach Bremerhaven. Zun\u00e4chst mussten wir die Weserseite wechseln und benutzten hierf\u00fcr die F\u00e4hre Bremen-Vegesack &#8211; Lemwerder. Eigentlich geh\u00f6rt diese \u00dcberfahrt noch zum W\u00fcmme-Radweg. Auf der F\u00e4hre Bremen-Vegesack &#8211; Lemwerder Auf &hellip; <a href=\"https:\/\/willizblog.de\/?p=11084\" class=\"more-link\"><span class=\"screen-reader-text\">Radtour 2020: W\u00fcmme-Weser &#8211; Etappe 3: Bremen-Vegesack &#8211; Bremerhaven<\/span> weiterlesen <span class=\"meta-nav\">&rarr;<\/span><\/a><\/p>\n","protected":false},"author":1,"featured_media":0,"comment_status":"open","ping_status":"open","sticky":false,"template":"","format":"standard","meta":[],"categories":[10],"tags":[],"_links":{"self":[{"href":"https:\/\/willizblog.de\/index.php?rest_route=\/wp\/v2\/posts\/11084"}],"collection":[{"href":"https:\/\/willizblog.de\/index.php?rest_route=\/wp\/v2\/posts"}],"about":[{"href":"https:\/\/willizblog.de\/index.php?rest_route=\/wp\/v2\/types\/post"}],"author":[{"embeddable":true,"href":"https:\/\/willizblog.de\/index.php?rest_route=\/wp\/v2\/users\/1"}],"replies":[{"embeddable":true,"href":"https:\/\/willizblog.de\/index.php?rest_route=%2Fwp%2Fv2%2Fcomments&post=11084"}],"version-history":[{"count":0,"href":"https:\/\/willizblog.de\/index.php?rest_route=\/wp\/v2\/posts\/11084\/revisions"}],"wp:attachment":[{"href":"https:\/\/willizblog.de\/index.php?rest_route=%2Fwp%2Fv2%2Fmedia&parent=11084"}],"wp:term":[{"taxonomy":"category","embeddable":true,"href":"https:\/\/willizblog.de\/index.php?rest_route=%2Fwp%2Fv2%2Fcategories&post=11084"},{"taxonomy":"post_tag","embeddable":true,"href":"https:\/\/willizblog.de\/index.php?rest_route=%2Fwp%2Fv2%2Ftags&post=11084"}],"curies":[{"name":"wp","href":"https:\/\/api.w.org\/{rel}","templated":true}]}}