{"id":11086,"date":"2020-08-24T11:39:43","date_gmt":"2020-08-24T11:39:43","guid":{"rendered":"https:\/\/willizblog.de\/?p=11086"},"modified":"2020-08-24T11:39:43","modified_gmt":"2020-08-24T11:39:43","slug":"radtour-2020-wuemme-weser-etappe-4-bremerhaven-cuxhaven","status":"publish","type":"post","link":"https:\/\/willizblog.de\/?p=11086","title":{"rendered":"Radtour 2020: W\u00fcmme-Weser &#8211; Etappe 4: Bremerhaven &#8211; Cuxhaven"},"content":{"rendered":"<p>Wenn der Vater mit seinen S\u00f6hnen eine Radtour macht &#8230; Nun am Mittwoch, den 12. August d.J., ging es auf die vorerst letzte Etappe von Bremerhaven nach Cuxhaven. Wir hatten dank der Klimaanlage im Hotel gut geschlafen und standen wieder um 7 Uhr auf. Bereits gegen 8 Uhr 45 waren wir dann auf den R\u00e4dern, denn im Hotel wurde wegen der Coronakrise kein Fr\u00fchst\u00fcck angeboten. Wir h\u00e4tten ein Fr\u00fchst\u00fcck f\u00fcr unterwegs ordern k\u00f6nnen, aber das bestand nur aus Sandwiches usw. &#8211; alles in Plastik eingeschwei\u00dft: nein, danke! So suchten wir den n\u00e4chsten B\u00e4cker auf und hatten Gl\u00fcck. In der Schleusenstra\u00dfe fanden wir an einer Stra\u00dfenecke die <a href=\"http:\/\/www.stadtbaeckerei-engelbrecht.org\/2015\/\" target=\"_blank\" rel=\"noopener noreferrer\">Stadtb\u00e4ckerei Engelbrecht<\/a>, die wirklich eine leckere Auswahl an s\u00fc\u00dfen und herben, belegten Backwaren anbot, Kaffee und Tee aller Art: So lie\u00dfen wir uns drau\u00dfen nieder und genossen die Sonne beim Fr\u00fchst\u00fccken.<\/p>\n<p><img src=\"https:\/\/www.willizblog.de\/pics\/radtour2020_04_cux_01.jpg\" alt=\"Schmackhaftes Fr\u00fchst\u00fcck in Bremerhaven vor der Abfahrt nach Cuxhaven\" title=\"Schmackhaftes Fr\u00fchst\u00fcck in Bremerhaven vor der Abfahrt nach Cuxhaven\" \/><br \/>\nSchmackhaftes Fr\u00fchst\u00fcck in Bremerhaven vor der Abfahrt nach Cuxhaven<\/p>\n<p>Bremerhaven ist eine Hafenstadt. Und so f\u00fchrte uns der Beginn der 8. und letzten Etappe des Weser-Radweges u.a. am <a href=\"https:\/\/cruiseport.de\/terminal\/\" target=\"_blank\" rel=\"noopener noreferrer\">Columbus Cruise Center<\/a> und dem <a href=\"http:\/\/www1.eurogate.de\/Terminals\/Bremerhaven\" rel=\"noopener noreferrer\" target=\"_blank\">Eurogate Containerterminal<\/a> vorbei.<\/p>\n<p><img src=\"https:\/\/www.willizblog.de\/pics\/radtour2020_04_cux_02.jpg\" alt=\"Warten im Hafen von Bremerhaven\" title=\"Warten im Hafen von Bremerhaven\" \/><br \/>\nWarten im Hafen von Bremerhaven<\/p>\n<p>Dann wurde es schnell l\u00e4ndlich mit Deichen zur Weser hin. Wir kamen durch Ortschaften wie Wremen und Dornum mit kleinen Hafenanlagen, in denen die Boote durch die Ebbe auf Grund lagen. Auf dem Deich lie\u00dfen sich gut kleine P\u00e4uschen machen.<\/p>\n<p><img src=\"https:\/\/www.willizblog.de\/pics\/radtour2020_04_cux_04.jpg\" alt=\"Wremen von oben (mit Weser-Radweg in rot) \u00a9 Google Earth\" title=\"Wremen von oben (mit Weser-Radweg in rot) \u00a9 Google Earth\" \/><br \/>\nWremen von oben (mit Weser-Radweg in rot) \u00a9 Google Earth<\/p>\n<p>An diesem Tag war es nicht ganz so hei\u00df und die 51 km bis zu unserem Ziel lie\u00dfen sich so deutlich angenehmer zur\u00fccklegen. Wir waren nach dem Fr\u00fchst\u00fcck gegen 10 Uhr gestartet und kamen bei unserem <a href=\"https:\/\/www.cuxhaven-hotel.com\/\" rel=\"noopener noreferrer\" target=\"_blank\">Hotel zur Seerobbe<\/a> gegen 14 Uhr an. Diesmal hatten wir eine Unterkunft mit zwei Schlafzimmern und konnten uns so f\u00fcr die zwei N\u00e4chte, die wir bleiben sollten, ausbreiten.<\/p>\n<p><img src=\"https:\/\/www.willizblog.de\/pics\/radtour2020_04_cux_03.jpg\" alt=\"Ziel erreicht in Cuxhaven: Hinein ins Wattenmeer\" title=\"Ziel erreicht in Cuxhaven: Hinein ins Wattenmeer\" \/><br \/>\nZiel erreicht in Cuxhaven: Hinein ins Wattenmeer<\/p>\n<p>Nach dem Duschen war unser Ziel nat\u00fcrlich der <a href=\"https:\/\/www.strandbar-cuxhaven.de\/wp\/strandbar-cuxhaven\/startseite\" rel=\"noopener noreferrer\" target=\"_blank\">Strand am Wattenmeer<\/a>. Es dauerte allerdings noch etwas, bis gegen 19 Uhr 30 die Flut kam und wir wenigstens etwas Wasser unterm Kiel bekamen. Gleich in Strandn\u00e4he a\u00dfen wir dann auch zu Abend in der Strandbar Cuxhaven. Nat\u00fcrlich wieder etwas Fischiges. Und sp\u00e4ter g\u00f6nnten wir uns dann auch <a href=\"https:\/\/willizblog.de\/?p=11067\" rel=\"noopener noreferrer\" target=\"_blank\">noch einige Cocktails<\/a> in der <a href=\"https:\/\/barracudabar-cux.de\/\" rel=\"noopener noreferrer\" target=\"_blank\">Barracudabar<\/a>.<\/p>\n<p>Am folgenden Tag wollten wir dann aber doch etwas mehr als nur im Wasser planschen. Ebensfalls in unmittelbarer N\u00e4he des Strandes gibt es das <a href=\"https:\/\/tourismus.cuxhaven.de\/staticsite\/staticsite.php?menuid=593&#038;topmenu=138\" rel=\"noopener noreferrer\" target=\"_blank\">Freibad Steinmarne<\/a>. Durch die Coronakrise finden allerdings nur bis zu 250 Badeg\u00e4ste Einla\u00df. Und wir hatten Gl\u00fcck. Wir waren die Numeri 246, 247 und 248. Nach uns kam nur noch ein \u00e4lteres P\u00e4rchen hinein. Alle anderen mussten warten \u2026 So konnten wir uns im Meerwasserbecken erfrischen und unsere Bahnen ziehen.<\/p>\n<p>Abends gab es wieder Fisch im Restaurant <a href=\"https:\/\/zurschlemmerpfanne.de\/\" rel=\"noopener noreferrer\" target=\"_blank\">\u201cZur Schlemmerpfanne\u201d<\/a>. <\/p>\n<div align=\"justify\">\n<table border=\"0\" width=\"100%\">\n<tr>\n<td width=\"100%\"><font color=\"#008000\">In meinem Beitrag <a href=\"https:\/\/willizblog.de\/?p=11071\" rel=\"noopener noreferrer\" target=\"_blank\">Radtour 2020: GPS, Google Earth und mehr<\/a> habe ich mich schon etwas genauer \u00fcber die technische Seite einer solchen Radtour ge\u00e4u\u00dfert. Hier die n\u00f6tigen Erg\u00e4nzungen: Per Smartphone (mit Funknetz, also mobilem Internet) hatten wir uns den <a href=\"https:\/\/play.google.com\/store\/apps\/details?id=com.vecturagames.android.app.gpxviewer&#038;hl=de\" rel=\"noopener noreferrer\" target=\"_blank\">GPX Viewer<\/a> heruntergeladen, der sowohl GPX- als auch KML-Dateien unterst\u00fctzt. Diese Daten f\u00fcr den Weser-Radweg fanden wir im Internet wie folgt:<\/p>\n<p>1. Die 8. Etappe des Weser-Radweges im Internet aufrufen: <a href=\"https:\/\/www.weserradweg-info.de\/etappen-highlights\/etappen\/etappe-8-bremerhaven-bis-cuxhaven.html\" rel=\"noopener noreferrer\" target=\"_blank\">8. Etappe<\/a><br \/>\n2. Download der GPX- bzw. KML-Datei \u00fcber entsprechende Buttons ansteuern, dr\u00fccken und dann herunterladen<\/p>\n<p>Des Weiteren:<br \/>\n1. <a href=\"https:\/\/play.google.com\/store\/apps\/details?id=com.vecturagames.android.app.gpxviewer&#038;hl=de\" rel=\"noopener noreferrer\" target=\"_blank\">GPX Viewer-App<\/a> herunterladen<br \/>\n2. Men\u00fc aufrufen und mit \u201aDateien \u00f6ffnen\u2018 die entsprechende GPX-Datei anklicken (es k\u00f6nnen auch mehrere sein), dann auf \u00f6ffnen klicken<\/font><\/td>\n<\/tr>\n<\/table>\n<\/div>\n<p><iframe loading=\"lazy\" src=\"https:\/\/www.facebook.com\/plugins\/post.php?href=https%3A%2F%2Fwww.facebook.com%2Fwillizblog%2Fposts%2F3820439111306510&#038;show_text=true&#038;width=552&#038;height=612&#038;appId\" width=\"552\" height=\"612\" style=\"border:none;overflow:hidden\" scrolling=\"no\" frameborder=\"0\" allowTransparency=\"true\" allow=\"encrypted-media\"><\/iframe><br \/>\nAuswahl von Bildern auf meiner <a href=\"https:\/\/www.facebook.com\/willizblog\/posts\/3820439111306510\" rel=\"noopener noreferrer\" target=\"_blank\">Facebook-Seite<\/a><\/p>\n<p>Siehe auch:<br \/>\n<a href=\"https:\/\/willizblog.de\/?p=11069\" rel=\"noopener noreferrer\" target=\"_blank\">Wenn der Vater mit seinen S\u00f6hnen \u2026<\/a><br \/>\n<a href=\"https:\/\/willizblog.de\/?p=11071\" rel=\"noopener noreferrer\" target=\"_blank\">Radtour 2020: GPS, Google Earth und mehr<\/a><br \/>\n<a href=\"https:\/\/willizblog.de\/?p=11077\" rel=\"noopener noreferrer\" target=\"_blank\">Radtour 2020: W\u00fcmme-Weser &#8211; Etappe 1: Tostedt &#8211; Rotenburg\/W\u00fcmme<\/a><br \/>\n<a href=\"https:\/\/willizblog.de\/?p=11081\" rel=\"noopener noreferrer\" target=\"_blank\">Radtour 2020: W\u00fcmme-Weser &#8211; Etappe 2: Rotenburg\/W\u00fcmme &#8211; Bremen-Vegesack<\/a><br \/>\n<a href=\"https:\/\/willizblog.de\/?p=11084\" rel=\"noopener noreferrer\" target=\"_blank\">Radtour 2020: W\u00fcmme-Weser &#8211; Etappe 3: Bremen-Vegesack &#8211; Bremerhaven<\/a><\/p>\n","protected":false},"excerpt":{"rendered":"<p>Wenn der Vater mit seinen S\u00f6hnen eine Radtour macht &#8230; Nun am Mittwoch, den 12. August d.J., ging es auf die vorerst letzte Etappe von Bremerhaven nach Cuxhaven. Wir hatten dank der Klimaanlage im Hotel gut geschlafen und standen wieder um 7 Uhr auf. Bereits gegen 8 Uhr 45 waren wir dann auf den R\u00e4dern, &hellip; <a href=\"https:\/\/willizblog.de\/?p=11086\" class=\"more-link\"><span class=\"screen-reader-text\">Radtour 2020: W\u00fcmme-Weser &#8211; Etappe 4: Bremerhaven &#8211; Cuxhaven<\/span> weiterlesen <span class=\"meta-nav\">&rarr;<\/span><\/a><\/p>\n","protected":false},"author":1,"featured_media":0,"comment_status":"open","ping_status":"open","sticky":false,"template":"","format":"standard","meta":[],"categories":[10],"tags":[],"_links":{"self":[{"href":"https:\/\/willizblog.de\/index.php?rest_route=\/wp\/v2\/posts\/11086"}],"collection":[{"href":"https:\/\/willizblog.de\/index.php?rest_route=\/wp\/v2\/posts"}],"about":[{"href":"https:\/\/willizblog.de\/index.php?rest_route=\/wp\/v2\/types\/post"}],"author":[{"embeddable":true,"href":"https:\/\/willizblog.de\/index.php?rest_route=\/wp\/v2\/users\/1"}],"replies":[{"embeddable":true,"href":"https:\/\/willizblog.de\/index.php?rest_route=%2Fwp%2Fv2%2Fcomments&post=11086"}],"version-history":[{"count":0,"href":"https:\/\/willizblog.de\/index.php?rest_route=\/wp\/v2\/posts\/11086\/revisions"}],"wp:attachment":[{"href":"https:\/\/willizblog.de\/index.php?rest_route=%2Fwp%2Fv2%2Fmedia&parent=11086"}],"wp:term":[{"taxonomy":"category","embeddable":true,"href":"https:\/\/willizblog.de\/index.php?rest_route=%2Fwp%2Fv2%2Fcategories&post=11086"},{"taxonomy":"post_tag","embeddable":true,"href":"https:\/\/willizblog.de\/index.php?rest_route=%2Fwp%2Fv2%2Ftags&post=11086"}],"curies":[{"name":"wp","href":"https:\/\/api.w.org\/{rel}","templated":true}]}}