{"id":11089,"date":"2020-08-25T09:44:05","date_gmt":"2020-08-25T09:44:05","guid":{"rendered":"https:\/\/willizblog.de\/?p=11089"},"modified":"2020-08-25T09:44:05","modified_gmt":"2020-08-25T09:44:05","slug":"radtour-2020-wuemme-weser-etappe-5-heimreise-cuxhaven-tostedt","status":"publish","type":"post","link":"https:\/\/willizblog.de\/?p=11089","title":{"rendered":"Radtour 2020: W\u00fcmme-Weser &#8211; Etappe 5: Heimreise Cuxhaven &#8211; Tostedt"},"content":{"rendered":"<p>Jede Reise hat einmal ein Ende. So auch die Radtour, die ich mit meinen beiden S\u00f6hnen von Tostedt \u00fcber Rotenburg\/W\u00fcmme, Bremen-Vegesack und Bremerhaven nach Cuxhaven gemacht hatte. Wir hatten die hei\u00dfesten Tage des Jahres ausgesucht. Kein Tag unter 30 \u00b0 C im Schatten. Und so kamen am Ende mit kleinen Touren in Cuxhaven 257,2 km zusammen.<\/p>\n<p>In Cuxhaven hatten wir uns bestens erholt, haben dort die W\u00e4rme und Sonne wirklich voll ausnutzen k\u00f6nnen. Am Freitag, den 14. August, hie\u00df es nun Abschied nehmen von Sonne und Meer. Da der \u00e4ltere meiner beiden S\u00f6hne schon am Wochenende wieder zur\u00fcck nach Mannheim musste, fuhren wir mit dem Zug zur\u00fcck nach Tostedt.<\/p>\n<p><img src=\"https:\/\/www.willizblog.de\/pics\/radtour2020_05_heim.jpg\" alt=\"Fahrradwagen im Zug nach Hause\" title=\"Fahrradwagen im Zug nach Hause\" \/><br \/>\nFahrradwagen im Zug nach Hause<\/p>\n<p>Nat\u00fcrlich h\u00e4tten wir von Cuxhaven auch den <a href=\"https:\/\/www.elberadweg.de\/planen-buchen\/interaktive-karte-gps\/\" rel=\"noopener noreferrer\" target=\"_blank\">Elbe-Radweg<\/a> bis zur F\u00e4hre Cranz und von dort den <a href=\"http:\/\/www.este-radweg.de\/\" rel=\"noopener noreferrer\" target=\"_blank\">Este-Radweg<\/a> \u00fcber Buxtehude nach Tostedt nehmen k\u00f6nnten. Vielleicht das n\u00e4chste Mal, d.h. von Tostedt aus  zur Elbe und weiter in den hohen Norden.<\/p>\n<p>Trotz der Strapazen (die Hitze) hat es Spa\u00df gemacht, mit den eigenen S\u00f6hnen einmal wieder etwas gemeinsam zu machen. Und ich denke, die beiden hatten auch ihren Spa\u00df dabei. Der \u00c4ltere der beiden, der in Mannheim studiert, ist \u00fcbrigens mit seiner Freundin auch schon \u00f6fter auf Radtour gewesen, und die beiden haben es bis zum Bodensee geschafft. Respekt!<\/p>\n<p>Siehe auch:<br \/>\n<a href=\"https:\/\/willizblog.de\/?p=11069\" rel=\"noopener noreferrer\" target=\"_blank\">Wenn der Vater mit seinen S\u00f6hnen \u2026<\/a><br \/>\n<a href=\"https:\/\/willizblog.de\/?p=11071\" rel=\"noopener noreferrer\" target=\"_blank\">Radtour 2020: GPS, Google Earth und mehr<\/a><br \/>\n<a href=\"https:\/\/willizblog.de\/?p=11077\" rel=\"noopener noreferrer\" target=\"_blank\">Radtour 2020: W\u00fcmme-Weser &#8211; Etappe 1: Tostedt &#8211; Rotenburg\/W\u00fcmme<\/a><br \/>\n<a href=\"https:\/\/willizblog.de\/?p=11081\" rel=\"noopener noreferrer\" target=\"_blank\">Radtour 2020: W\u00fcmme-Weser &#8211; Etappe 2: Rotenburg\/W\u00fcmme &#8211; Bremen-Vegesack<\/a><br \/>\n<a href=\"https:\/\/willizblog.de\/?p=11084\" rel=\"noopener noreferrer\" target=\"_blank\">Radtour 2020: W\u00fcmme-Weser &#8211; Etappe 3: Bremen-Vegesack &#8211; Bremerhaven<\/a><br \/>\n<a href=\"https:\/\/willizblog.de\/?p=11086\" rel=\"noopener noreferrer\" target=\"_blank\">Radtour 2020: W\u00fcmme-Weser &#8211; Etappe 4: Bremerhaven &#8211; Cuxhaven<\/a><\/p>\n","protected":false},"excerpt":{"rendered":"<p>Jede Reise hat einmal ein Ende. So auch die Radtour, die ich mit meinen beiden S\u00f6hnen von Tostedt \u00fcber Rotenburg\/W\u00fcmme, Bremen-Vegesack und Bremerhaven nach Cuxhaven gemacht hatte. Wir hatten die hei\u00dfesten Tage des Jahres ausgesucht. Kein Tag unter 30 \u00b0 C im Schatten. Und so kamen am Ende mit kleinen Touren in Cuxhaven 257,2 km &hellip; <a href=\"https:\/\/willizblog.de\/?p=11089\" class=\"more-link\"><span class=\"screen-reader-text\">Radtour 2020: W\u00fcmme-Weser &#8211; Etappe 5: Heimreise Cuxhaven &#8211; Tostedt<\/span> weiterlesen <span class=\"meta-nav\">&rarr;<\/span><\/a><\/p>\n","protected":false},"author":1,"featured_media":0,"comment_status":"open","ping_status":"open","sticky":false,"template":"","format":"standard","meta":[],"categories":[10],"tags":[],"_links":{"self":[{"href":"https:\/\/willizblog.de\/index.php?rest_route=\/wp\/v2\/posts\/11089"}],"collection":[{"href":"https:\/\/willizblog.de\/index.php?rest_route=\/wp\/v2\/posts"}],"about":[{"href":"https:\/\/willizblog.de\/index.php?rest_route=\/wp\/v2\/types\/post"}],"author":[{"embeddable":true,"href":"https:\/\/willizblog.de\/index.php?rest_route=\/wp\/v2\/users\/1"}],"replies":[{"embeddable":true,"href":"https:\/\/willizblog.de\/index.php?rest_route=%2Fwp%2Fv2%2Fcomments&post=11089"}],"version-history":[{"count":0,"href":"https:\/\/willizblog.de\/index.php?rest_route=\/wp\/v2\/posts\/11089\/revisions"}],"wp:attachment":[{"href":"https:\/\/willizblog.de\/index.php?rest_route=%2Fwp%2Fv2%2Fmedia&parent=11089"}],"wp:term":[{"taxonomy":"category","embeddable":true,"href":"https:\/\/willizblog.de\/index.php?rest_route=%2Fwp%2Fv2%2Fcategories&post=11089"},{"taxonomy":"post_tag","embeddable":true,"href":"https:\/\/willizblog.de\/index.php?rest_route=%2Fwp%2Fv2%2Ftags&post=11089"}],"curies":[{"name":"wp","href":"https:\/\/api.w.org\/{rel}","templated":true}]}}