{"id":1109,"date":"2008-02-21T00:02:12","date_gmt":"2008-02-20T22:02:12","guid":{"rendered":"http:\/\/www.willizblog.de\/?p=1109"},"modified":"2010-01-29T09:26:48","modified_gmt":"2010-01-29T08:26:48","slug":"wilde-party-mit-flotenmusik","status":"publish","type":"post","link":"https:\/\/willizblog.de\/?p=1109","title":{"rendered":"Wilde Party mit Fl\u00f6tenmusik"},"content":{"rendered":"<p>Komme ich noch einmal auf meinen Beitrag <a href=\"https:\/\/www.willizblog.de\/?p=1105\" target=\"_blank\">Jethro Tull und \u201aAlte Freunde\u201c<\/a> zur\u00fcck: Ich habe mir den Fernsehfilm angeschaut und war am Ende doch eher entt\u00e4uscht. Der Regisseur Friedemann Fromm, Jahrgang 1963, hat hier einen Film gedreht, in dessen Mittelpunkt \u201aseine\u2019 Generation, die zwischen Woodstock und Punk, steht. Der Film handelt dabei von verloren geglaubten Tr\u00e4umen und der nie zu sp\u00e4ten Suche nach Gl\u00fcck. Einer der Protagonisten, Christian (gespielt von J\u00fcrgen Vogel), stellt zurecht fest, dass man zwar \u00e4lter geworden w\u00e4re, sich aber nicht eigentlich ver\u00e4ndert h\u00e4tte. Wie wahr. Und so geb\u00e4rden sich die Filmhelden eher wir Halbstarke Anfang der 80er Jahre. Die Suche nach dem Gl\u00fcck endet, weil der Coup (Juwelenraub) zuletzt doch gelingt, in materieller Zufriedenheit. Was hat das aber mit wahrem Gl\u00fcck zu tun? Waren die Tr\u00e4ume doch nur materieller Art?<\/p>\n<p>Wie geschrieben, so kommt die Musik von Jethro Tull (Locomotive Breath) im Soundtrack vor &#8211; in einer Schl\u00fcsselszene, als die alten Freunde eine wilde Party starten und sich mit Alkohol und Drogen voll dr\u00f6hnen, um Leichenschmaus zu halten. Und noch einen Bezug zu Jethro Tull gibt es: So steht auf dem Grabstein des verstorbenen Freundes u.a.: <strong>&#8230; but too young to die<\/strong>. F\u00fcr Rock \u2019n\u2019 Rock sind die Freunde aber wohl noch nicht zu alt:<\/p>\n<p><img src=\"https:\/\/www.willizblog.de\/blogpicts\/jt_alte_freunde.jpg\" alt=\"... but too young to die!\" \/><\/p>\n<p>Als alter Tull-Fan freut man sich nat\u00fcrlich, wenn in einem Film die Musik seiner Lieblinge angespielt wird. Und thematisch geht der Film \u201eAlte Freunde\u201c auch in Ordnung. Nur sollte man vielleicht wissen, dass der Gr\u00fcnder, Kopf und Frontman der Gruppe Jethro Tull, Ian Anderson, nichts von Drogen h\u00e4lt. Der erste Bassist der Gruppe, Glen Cornick, soll angeblich gefeuert worden sein, weil dieser mit Drogen hantierte. Da der Film von Friedemann Fromm ein sehr pers\u00f6nlicher Film zu sein scheint, er den Jethro Tull-Titel also ausgew\u00e4hlt hat, weil er einen besonderen Bezug zu der Musik der Gruppe hat, so w\u00e4re eine Platzierung des Liedes an anderer Stelle vielleicht passender gewesen. Aber was meckere ich hier. Hier der entsprechende Ausschnitt aus dem TV-Film:<\/p>\n<p><object width=\"425\" height=\"344\"><param name=\"movie\" value=\"https:\/\/www.youtube.com\/v\/rUIKdExOQEg&#038;hl=de_DE&#038;fs=1&#038;\"><\/param><param name=\"allowFullScreen\" value=\"true\"><\/param><param name=\"allowscriptaccess\" value=\"always\"><\/param><embed src=\"https:\/\/www.youtube.com\/v\/rUIKdExOQEg&#038;hl=de_DE&#038;fs=1&#038;\" type=\"application\/x-shockwave-flash\" allowscriptaccess=\"always\" allowfullscreen=\"true\" width=\"425\" height=\"344\"><\/embed><\/object><\/p>\n<p>siehe auch den Beitrag: <a href=\"https:\/\/www.willizblog.de\/?p=857\" target=\"_blank\">Was ist blo\u00df mit Ian los? Teil 65: Schimanski h\u00f6rt Tull<\/a>\n<\/p>\n<p>Na ja, youtube macht auch das m\u00f6glich \u2013 hier der Tull-Titel aus dem Schimanski-Krimi:<br \/>\n<object width=\"425\" height=\"355\"><param name=\"movie\" value=\"https:\/\/www.youtube.com\/v\/KgWFugepyiY&#038;rel=1\"><\/param><param name=\"wmode\" value=\"transparent\"><\/param><embed src=\"https:\/\/www.youtube.com\/v\/KgWFugepyiY&#038;rel=1\" type=\"application\/x-shockwave-flash\" wmode=\"transparent\" width=\"425\" height=\"355\"><\/embed><\/object><br \/>\n<a href=\"http:\/\/horstschimanski.info\/25jahre.html\" target=\"_blank\">Schimanski<\/a> Opener Reloaded<\/p>\n","protected":false},"excerpt":{"rendered":"<p>Komme ich noch einmal auf meinen Beitrag Jethro Tull und \u201aAlte Freunde\u201c zur\u00fcck: Ich habe mir den Fernsehfilm angeschaut und war am Ende doch eher entt\u00e4uscht. Der Regisseur Friedemann Fromm, Jahrgang 1963, hat hier einen Film gedreht, in dessen Mittelpunkt \u201aseine\u2019 Generation, die zwischen Woodstock und Punk, steht. Der Film handelt dabei von verloren geglaubten &hellip; <a href=\"https:\/\/willizblog.de\/?p=1109\" class=\"more-link\"><span class=\"screen-reader-text\">Wilde Party mit Fl\u00f6tenmusik<\/span> weiterlesen <span class=\"meta-nav\">&rarr;<\/span><\/a><\/p>\n","protected":false},"author":1,"featured_media":0,"comment_status":"open","ping_status":"closed","sticky":false,"template":"","format":"standard","meta":[],"categories":[13,9],"tags":[],"_links":{"self":[{"href":"https:\/\/willizblog.de\/index.php?rest_route=\/wp\/v2\/posts\/1109"}],"collection":[{"href":"https:\/\/willizblog.de\/index.php?rest_route=\/wp\/v2\/posts"}],"about":[{"href":"https:\/\/willizblog.de\/index.php?rest_route=\/wp\/v2\/types\/post"}],"author":[{"embeddable":true,"href":"https:\/\/willizblog.de\/index.php?rest_route=\/wp\/v2\/users\/1"}],"replies":[{"embeddable":true,"href":"https:\/\/willizblog.de\/index.php?rest_route=%2Fwp%2Fv2%2Fcomments&post=1109"}],"version-history":[{"count":0,"href":"https:\/\/willizblog.de\/index.php?rest_route=\/wp\/v2\/posts\/1109\/revisions"}],"wp:attachment":[{"href":"https:\/\/willizblog.de\/index.php?rest_route=%2Fwp%2Fv2%2Fmedia&parent=1109"}],"wp:term":[{"taxonomy":"category","embeddable":true,"href":"https:\/\/willizblog.de\/index.php?rest_route=%2Fwp%2Fv2%2Fcategories&post=1109"},{"taxonomy":"post_tag","embeddable":true,"href":"https:\/\/willizblog.de\/index.php?rest_route=%2Fwp%2Fv2%2Ftags&post=1109"}],"curies":[{"name":"wp","href":"https:\/\/api.w.org\/{rel}","templated":true}]}}