{"id":11094,"date":"2020-08-26T09:04:23","date_gmt":"2020-08-26T09:04:23","guid":{"rendered":"https:\/\/willizblog.de\/?p=11094"},"modified":"2020-08-26T09:04:23","modified_gmt":"2020-08-26T09:04:23","slug":"die-heide-blueht","status":"publish","type":"post","link":"https:\/\/willizblog.de\/?p=11094","title":{"rendered":"Die Heide bl\u00fcht &#8230;!"},"content":{"rendered":"<p>Mein Wohnort Tostedt liegt am Rand der <a href=\"https:\/\/willizblog.de\/?s=l%C3%BCneburger%20heide\" rel=\"noopener noreferrer\" target=\"_blank\">L\u00fcneburger Heide<\/a>. Mit dem Fahrrad ist es nicht weit, um &#8211; wie in diesen Tagen &#8211; die Heidebl\u00fcte zu sehen. In den letzten zwei Jahren war der \u00e4ltere meiner beiden S\u00f6hne, der in Mannheim studiert, mit seiner Freundin bei uns zu Besuch. Und dabei haben wir auch zwei- oder dreimal einen Abstecher in die Heide gemacht. Aber ohne Gl\u00fcck: Es war zu fr\u00fch (Ostern 2018 und 2019) oder zu sp\u00e4t (Anfang Oktober 2018 und Mitte November 2019), um die Heide in Bl\u00fcte zu sehen. Vielleicht wird es ja im n\u00e4chsten Jahr etwas damit &#8230;<\/p>\n<p><img src=\"https:\/\/www.willizblog.de\/pics\/heide2020_01.jpg\" alt=\"Heide bei H\u00f6pen\/Schneverdingen\" title=\"Heide bei H\u00f6pen\/Schneverdingen\" \/><br \/>\nHeide bei H\u00f6pen\/Schneverdingen<\/p>\n<p>Daf\u00fcr habe ich mit meiner Frau in diesen Tagen endlich die Heide bl\u00fchen sehen k\u00f6nnen. Wir waren zweimal mit dem Rad unterwegs. Einmal nach <a href=\"https:\/\/www.schneverdingen-touristik.de\/desktopdefault.aspx\/tabid-7137\/12844_read-50450\/\" rel=\"noopener noreferrer\" target=\"_blank\">H\u00f6pen\/Schneverdingen<\/a> (41,1 km hin und zur\u00fcck) und einmal nach <a href=\"https:\/\/de.wikipedia.org\/wiki\/Undeloh\" rel=\"noopener noreferrer\" target=\"_blank\">Wesel\/Undeloh<\/a> (35,1 km hin und zur\u00fcck).<\/p>\n<p><img src=\"https:\/\/www.willizblog.de\/pics\/heide2020_02.jpg\" alt=\"Heide bei Wesel\/Undeloh\" title=\"Heide bei Wesel\/Undeloh\" \/><br \/>\nHeide bei Wesel\/Undeloh<\/p>\n<p>Ja, <a href=\"https:\/\/naturpark-lueneburger-heide.de\/natur-und-kultur\/heide\/heidebluete\" rel=\"noopener noreferrer\" target=\"_blank\">die Heide bl\u00fcht<\/a> \u2026 Aber wann bl\u00fcht die Heide nun eigentlich? Die Besenheide (Calluna Vulgaris) bl\u00fcht von August bis September. Dann wird die Landschaft in ein kr\u00e4ftiges Violett getaucht und entwickelt ihre ganz besondere Anziehungskraft. Eine Faustregel sagt, dass die Besenheide vom 08.08. bis zum 09.09. bl\u00fcht. Aber nat\u00fcrlich kann die Bl\u00fcte auch mal fr\u00fcher oder sp\u00e4ter einsetzen. Die weniger verbreitete Glockenheide bl\u00fcht bereits ab Juli. Die Intensit\u00e4t der Bl\u00fcte h\u00e4ngt von den Wetterbedingungen ab und kann von Jahr zu Jahr variieren.<\/p>\n","protected":false},"excerpt":{"rendered":"<p>Mein Wohnort Tostedt liegt am Rand der L\u00fcneburger Heide. Mit dem Fahrrad ist es nicht weit, um &#8211; wie in diesen Tagen &#8211; die Heidebl\u00fcte zu sehen. In den letzten zwei Jahren war der \u00e4ltere meiner beiden S\u00f6hne, der in Mannheim studiert, mit seiner Freundin bei uns zu Besuch. Und dabei haben wir auch zwei- &hellip; <a href=\"https:\/\/willizblog.de\/?p=11094\" class=\"more-link\"><span class=\"screen-reader-text\">Die Heide bl\u00fcht &#8230;!<\/span> weiterlesen <span class=\"meta-nav\">&rarr;<\/span><\/a><\/p>\n","protected":false},"author":1,"featured_media":0,"comment_status":"open","ping_status":"open","sticky":false,"template":"","format":"standard","meta":[],"categories":[11,20],"tags":[],"_links":{"self":[{"href":"https:\/\/willizblog.de\/index.php?rest_route=\/wp\/v2\/posts\/11094"}],"collection":[{"href":"https:\/\/willizblog.de\/index.php?rest_route=\/wp\/v2\/posts"}],"about":[{"href":"https:\/\/willizblog.de\/index.php?rest_route=\/wp\/v2\/types\/post"}],"author":[{"embeddable":true,"href":"https:\/\/willizblog.de\/index.php?rest_route=\/wp\/v2\/users\/1"}],"replies":[{"embeddable":true,"href":"https:\/\/willizblog.de\/index.php?rest_route=%2Fwp%2Fv2%2Fcomments&post=11094"}],"version-history":[{"count":0,"href":"https:\/\/willizblog.de\/index.php?rest_route=\/wp\/v2\/posts\/11094\/revisions"}],"wp:attachment":[{"href":"https:\/\/willizblog.de\/index.php?rest_route=%2Fwp%2Fv2%2Fmedia&parent=11094"}],"wp:term":[{"taxonomy":"category","embeddable":true,"href":"https:\/\/willizblog.de\/index.php?rest_route=%2Fwp%2Fv2%2Fcategories&post=11094"},{"taxonomy":"post_tag","embeddable":true,"href":"https:\/\/willizblog.de\/index.php?rest_route=%2Fwp%2Fv2%2Ftags&post=11094"}],"curies":[{"name":"wp","href":"https:\/\/api.w.org\/{rel}","templated":true}]}}