{"id":11098,"date":"2020-08-31T08:55:01","date_gmt":"2020-08-31T08:55:01","guid":{"rendered":"https:\/\/willizblog.de\/?p=11098"},"modified":"2020-08-31T09:09:37","modified_gmt":"2020-08-31T09:09:37","slug":"happy-birthday-herr-lukaschenko","status":"publish","type":"post","link":"https:\/\/willizblog.de\/?p=11098","title":{"rendered":"Happy birthday, Herr Lukaschenko!"},"content":{"rendered":"<p>Gestern feierte <a href=\"https:\/\/de.wikipedia.org\/wiki\/Aljaksandr_Lukaschenka\" rel=\"noopener noreferrer\" target=\"_blank\">Alexander Lukaschenko<\/a>, seit 1994 der Pr\u00e4sident von Belarus, seinen 66. Geburtstag, den er aber <a href=\"https:\/\/www.welt.de\/politik\/article9331250\/Lukaschenko-macht-sich-einen-Tag-juenger.html\" rel=\"noopener noreferrer\" target=\"_blank\">auf den heutigen Tag verlegt<\/a> hat, um am selben Tag wie sein j\u00fcngster <a href=\"https:\/\/en.wikipedia.org\/wiki\/Nikolai_Lukashenko\" rel=\"noopener noreferrer\" target=\"_blank\">Sohn Nikolaj (* 2004)<\/a> feiern zu k\u00f6nnen. Gemeinsame Auftritte der beiden verdeutlichen: Nikolaj soll wohl zu seinem Nachfolger gemacht werden (Nordkorea l\u00e4sst gr\u00fc\u00dfen! Hat Putin eigentlich einen Sohn?)<\/p>\n<p><iframe loading=\"lazy\" src=\"https:\/\/www.tagesschau.de\/multimedia\/video\/video-750689~player_branded-true.html\" frameborder=\"0\" webkitAllowFullScreen mozallowfullscreen allowFullScreen width=\"560px\" height=\"315px\"><\/iframe><br \/>\nVIDEO Tagesthemen: Trotz massiver Einsch\u00fcchterung demonstrieren Zehntausende gegen Staatschef Lukaschenko (30.08.2020)<\/p>\n<p>Anl\u00e4sslich seines gestrigen Geburtstages wurde &#8222;batka&#8220; (&#8222;Papa&#8220;), wie Lukaschenko sich gern bezeichnen l\u00e4sst, mit vielen Geschenken \u00fcberh\u00e4uft, u.a. legten junge Frauen, die von einem alten Mann sangen, den sie nun bekommen h\u00e4tten, ohne ihn zu wollen, K\u00fcrbisse nieder \u2013 ein traditionelles Zeichen daf\u00fcr, dass sie ihn verschm\u00e4hen (bei uns nennen wir das <a href=\"https:\/\/de.wikipedia.org\/wiki\/Einen_Korb_geben\" rel=\"noopener noreferrer\" target=\"_blank\">&#8218;einen Korb geben&#8216;<\/a>).<\/p>\n<p><img src=\"https:\/\/www.willizblog.de\/pics\/belarus2020_lukaschenko66.jpg\" alt=\"Geschenk f\u00fcr 'batka' ('Papa')\" title=\"Geschenk f\u00fcr 'batka' ('Papa')\" \/><br \/>\nGeschenke f\u00fcr &#8218;batka&#8216; (&#8218;Papa&#8216;)<\/p>\n<p>W\u00e4hrenddessen spielte das Geburtstagskind mit seinem neuen Spielzeug, einem Sturmgewehr und einer kugelsicheren Weste, vor dem Palast der Unabh\u00e4ngigkeit, und wurde seinem neuen Spitznamen, Lukaschambo (<a href=\"https:\/\/de.wikipedia.org\/wiki\/Kontamination_(Sprachwissenschaft)\" rel=\"noopener noreferrer\" target=\"_blank\">Kofferwort<\/a> aus seinem Nachnamen und &#8218;Rambo&#8216;) voll und ganz gerecht.<\/p>\n<p><img src=\"https:\/\/www.willizblog.de\/pics\/belarus2020_lukaschenko_sturmgewehr.jpg\" alt=\"Lukaschenko ganz martialisch\" title=\"Lukaschenko ganz martialisch\" \/><br \/>\nLukaschenko ganz martialisch<\/p>\n<p>Damit keiner der B\u00fcrgerinnen und B\u00fcrger die Geburtstagsparty st\u00f6ren konnte, wurden <a href=\"https:\/\/www.tagesschau.de\/multimedia\/audio\/audio-95189.html\" rel=\"noopener noreferrer\" target=\"_blank\">Sch\u00fctzenpanzer nach Minsk<\/a> gebracht und in der N\u00e4he der Residenz von Lukaschenko geparkt, &#8222;um die Sicherheit des Personals zu st\u00e4rken&#8220;. Er f\u00fchlte sich wohl von den vielen wei\u00df-rot-wei\u00dfen Blumen bedroht. Immerhin wurde von Litauen aus vor Tagen \u201eeine <a href=\"https:\/\/www.facebook.com\/willizblog\/posts\/3834805393203215\" rel=\"noopener noreferrer\" target=\"_blank\">Sonde mit acht Luftballons<\/a> mit Anti-Staatssymbolen gestartet. Dank der Aktionen der Besatzungen der Mi-24-Hubschrauber der Luftverteidigungskr\u00e4fte wurde der Flug der Ballons ohne den Einsatz von Waffen gestoppt \u00bb; noch einmal Gl\u00fcck gehabt!<\/p>\n<p>Und um die \u00fcbersch\u00e4umende Begeisterung des Volkes f\u00fcr seinen Pr\u00e4sidenten in Zaum zu halten, wurde der Unabh\u00e4ngigkeitsplatz in Minsk durch Sicherheitskr\u00e4fte abgesperrt. Und zu ausgelassene B\u00fcrger wurden zur &#8218;Abk\u00fchlung&#8216; ihres Gem\u00fctes aus dem Verkehr gezogen.<\/p>\n<p><img src=\"https:\/\/www.willizblog.de\/pics\/belarus2020_minsk_absperrung.jpg\" alt=\"Absperrung des Unabh\u00e4ngigkeitplatzes\" title=\"Absperrung des Unabh\u00e4ngigkeitplatzes\" \/><br \/>\nAbsperrung des Unabh\u00e4ngigkeitplatzes<\/p>\n<p>Noch einmal: <strong>Happy birthday<\/strong>, Dir und Deinem Sohn, Herr Lukaschenko!<\/p>\n<p><iframe loading=\"lazy\" src=\"https:\/\/www.facebook.com\/plugins\/post.php?href=https%3A%2F%2Fwww.facebook.com%2Fprayforbelarus%2Fposts%2F120506056433924&#038;show_text=true&#038;width=552&#038;height=697&#038;appId\" width=\"552\" height=\"697\" style=\"border:none;overflow:hidden\" scrolling=\"no\" frameborder=\"0\" allowTransparency=\"true\" allow=\"encrypted-media\"><\/iframe><\/p>\n","protected":false},"excerpt":{"rendered":"<p>Gestern feierte Alexander Lukaschenko, seit 1994 der Pr\u00e4sident von Belarus, seinen 66. Geburtstag, den er aber auf den heutigen Tag verlegt hat, um am selben Tag wie sein j\u00fcngster Sohn Nikolaj (* 2004) feiern zu k\u00f6nnen. Gemeinsame Auftritte der beiden verdeutlichen: Nikolaj soll wohl zu seinem Nachfolger gemacht werden (Nordkorea l\u00e4sst gr\u00fc\u00dfen! Hat Putin eigentlich &hellip; <a href=\"https:\/\/willizblog.de\/?p=11098\" class=\"more-link\"><span class=\"screen-reader-text\">Happy birthday, Herr Lukaschenko!<\/span> weiterlesen <span class=\"meta-nav\">&rarr;<\/span><\/a><\/p>\n","protected":false},"author":1,"featured_media":0,"comment_status":"open","ping_status":"open","sticky":false,"template":"","format":"standard","meta":[],"categories":[20],"tags":[],"_links":{"self":[{"href":"https:\/\/willizblog.de\/index.php?rest_route=\/wp\/v2\/posts\/11098"}],"collection":[{"href":"https:\/\/willizblog.de\/index.php?rest_route=\/wp\/v2\/posts"}],"about":[{"href":"https:\/\/willizblog.de\/index.php?rest_route=\/wp\/v2\/types\/post"}],"author":[{"embeddable":true,"href":"https:\/\/willizblog.de\/index.php?rest_route=\/wp\/v2\/users\/1"}],"replies":[{"embeddable":true,"href":"https:\/\/willizblog.de\/index.php?rest_route=%2Fwp%2Fv2%2Fcomments&post=11098"}],"version-history":[{"count":0,"href":"https:\/\/willizblog.de\/index.php?rest_route=\/wp\/v2\/posts\/11098\/revisions"}],"wp:attachment":[{"href":"https:\/\/willizblog.de\/index.php?rest_route=%2Fwp%2Fv2%2Fmedia&parent=11098"}],"wp:term":[{"taxonomy":"category","embeddable":true,"href":"https:\/\/willizblog.de\/index.php?rest_route=%2Fwp%2Fv2%2Fcategories&post=11098"},{"taxonomy":"post_tag","embeddable":true,"href":"https:\/\/willizblog.de\/index.php?rest_route=%2Fwp%2Fv2%2Ftags&post=11098"}],"curies":[{"name":"wp","href":"https:\/\/api.w.org\/{rel}","templated":true}]}}