{"id":11104,"date":"2020-09-01T15:40:05","date_gmt":"2020-09-01T15:40:05","guid":{"rendered":"https:\/\/willizblog.de\/?p=11104"},"modified":"2020-09-01T15:45:31","modified_gmt":"2020-09-01T15:45:31","slug":"robert-walser-maedchen","status":"publish","type":"post","link":"https:\/\/willizblog.de\/?p=11104","title":{"rendered":"Robert Walser: M\u00e4dchen"},"content":{"rendered":"<p>Es war im Jahr 1978, also vor nun 42 Jahren &#8211; ich war im noch zarten Alter von 24 Jahren -, da g\u00f6nnte ich mir als Werkausgabe <a href=\"https:\/\/de.wikipedia.org\/wiki\/Edition_suhrkamp\" rel=\"noopener noreferrer\" target=\"_blank\">Edition suhrkamp<\/a> (ja, die mit dem Reihendesign in Spektralfarben) das Gesamtwerk in 12 B\u00e4nden von <a href=\"https:\/\/de.wikipedia.org\/wiki\/Robert_Walser\" rel=\"noopener noreferrer\" target=\"_blank\">Robert Walser<\/a> (erste Auflage zum 100. Geburtstag). Irgendwie muss ich \u00fcber <a href=\"https:\/\/de.wikipedia.org\/wiki\/Hermann_Hesse\" rel=\"noopener noreferrer\" target=\"_blank\">Hermann Hesse<\/a> auf Walser gesto\u00dfen sein. Aber gleich das Gesamtwerk?<\/p>\n<ul><img src=\"https:\/\/www.willizblog.de\/pics\/robert_walser.jpg\" alt=\"Robert Walser (1878 - 1956)\" title=\"Robert Walser (1878 - 1956)\" \/><br \/>\nRobert Walser (1878 &#8211; 1956)<\/ul>\n<p>Nun, es war nicht nur Hesse, der sich f\u00fcr Robert Walser einsetzte. Walser hatte auch einen zumindest heute prominenten Leser: \u201eWenige seiner Leser von 1909 d\u00fcrften so klar und sicher wie <a href=\"https:\/\/willizblog.de\/?s=kafka\" rel=\"noopener noreferrer\" target=\"_blank\">Kafka<\/a> in einem Brief geurteilt haben: &#8218;Ein gutes Buch.&#8216; (Auch <a href=\"https:\/\/de.wikipedia.org\/wiki\/Max_Brod\" rel=\"noopener noreferrer\" target=\"_blank\">Max Brod<\/a> hat bezeugt, &#8218;Jakob von Gunten&#8216; [ein Roman von Robert Walser] sei ein Lieblingsbuch seines Freundes gewesen.)<br \/>\naus dem Nachwort zu <a target=\"_blank\" href=\"https:\/\/www.amazon.de\/gp\/product\/351837611X\/ref=as_li_tl?ie=UTF8&#038;camp=1638&#038;creative=6742&#038;creativeASIN=351837611X&#038;linkCode=as2&#038;tag=familiealbin-21&#038;linkId=03b798de32608442b3f4daab238e785b\" rel=\"noopener noreferrer\"><strong>Jakob von Gunten &#8211; ein Tagebuch<\/strong><\/a><img loading=\"lazy\" src=\"\/\/ir-de.amazon-adsystem.com\/e\/ir?t=familiealbin-21&#038;l=am2&#038;o=3&#038;a=351837611X\" width=\"1\" height=\"1\" border=\"0\" alt=\"\" style=\"border:none !important; margin:0px !important;\" \/> (1909)<\/p>\n<p>Nun, um es vorweg zu nehmen: Die Investition hat sich gelohnt. <a href=\"https:\/\/willizblog.de\/?s=%22robert%20walser%22\" rel=\"noopener noreferrer\" target=\"_blank\">Robert Walser<\/a> f\u00e4llt derma\u00dfen aus dem Rahmen, den die Schriftsteller um die Zeit 1900 bis 1935 gebildet haben, dass es mich eigentlich wundert, Walser auch heute noch im Olymp deutschsprachiger Dichter zu w\u00e4hnen.<\/p>\n<p>Aber komme ich endlich zur Sache. Hier ein Gedicht von ihm, das im M\u00e4rz 1927 im <a href=\"https:\/\/de.wikipedia.org\/wiki\/Prager_Tagblatt\" rel=\"noopener noreferrer\" target=\"_blank\">&#8222;Prager Tagblatt&#8220;<\/a> erstmals erschien. Max Brod war Mitarbeiter der Zeitung und hat Walser dadurch unterst\u00fctzt, dass er von seinem Werk vieles ver\u00f6ffentlichen lie\u00df (so schlie\u00dft sich dann auch der Kreis Walser-Brod-Kafka):<\/p>\n<ul><em>Das eine dieser beiden M\u00e4dchen<br \/>\nsieht zierlich aus wie ein Sal\u00e4tchen<br \/>\nvon duftenden und zarten Bl\u00e4ttchen<br \/>\nund hat die sch\u00f6nstgeformten W\u00e4dchen<br \/>\nund schaut zum Fenster still hinaus<br \/>\nins morgendliche Landschaftshaus.<br \/>\nDes andern M\u00e4dchens Haar ist kraus<br \/>\nwie ein zerzauster Blumenstrau\u00df.<br \/>\nUnangefochten steht die eine<br \/>\nals Ungezwungene und Reine<br \/>\nauf ausgesprochen feinem Beine,<br \/>\nim Mieder vor dem Sonnenscheine.<br \/>\nDie andre k\u00fc\u00dft und fl\u00fcstert: &#8222;Du!&#8220;<br \/>\nBesinnung schlie\u00dft sich ganz ihr zu,<br \/>\nsie zittert, knistert, lodern, puh,<br \/>\nvon Leidenschaft bis in die Schuh`<br \/>\nund kennt im Herzen keine Ruh&#8216;.<br \/>\nDie erste wei\u00df nichts von Gen\u00fcssen,<br \/>\nwof\u00fcr noch jed` hat b\u00fc\u00dfen m\u00fcssen,<br \/>\nsie gleicht mit jedem Atemzug<br \/>\ndem wonnenangef\u00fcllten Krug.<br \/>\nDie zweite ist von s\u00fcndigfrommen,<br \/>\nl\u00fcsternen Flammen eingenommen,<br \/>\nvon Ungen\u00fcgsamkeit umglommen,<br \/>\nund hat sie nicht mehr wegbekommen.<br \/>\nWie fr\u00f6hlich, selig ist ein Leben,<br \/>\ndas heiter uns aus uns kann heben.<br \/>\nDas ist`s ja eben, da\u00df wir kleben<br \/>\nam K\u00f6rpers N\u00f6ten, statt zu schweben<br \/>\nin unherabgezognem Streben,<br \/>\nwie Reben, die im Trieb, zu geben,<br \/>\nsich wohlbefinden an den St\u00e4ben.<\/em><\/ul>\n<ul>Robert Walser: M\u00e4dchen aus <a target=\"_blank\" href=\"https:\/\/www.amazon.de\/gp\/product\/3518018442\/ref=as_li_tl?ie=UTF8&#038;camp=1638&#038;creative=6742&#038;creativeASIN=3518018442&#038;linkCode=as2&#038;tag=familiealbin-21&#038;linkId=4fa8012bd6bca5fa188ad3a1fad3bfdd\" rel=\"noopener noreferrer\">Die Gedichte<\/a><img loading=\"lazy\" src=\"\/\/ir-de.amazon-adsystem.com\/e\/ir?t=familiealbin-21&#038;l=am2&#038;o=3&#038;a=3518018442\" width=\"1\" height=\"1\" border=\"0\" alt=\"\" style=\"border:none !important; margin:0px !important;\" \/><\/ul>\n<p>Zu seiner Zeit wurde Walser Geschw\u00e4tzigkeit vorgeworfen (bezog sich vor allem auf seine Romane). So ganz kann das nicht bestritten werden. Aber es ist eine besondere Geschw\u00e4tzigkeit. Und besonders die Gedichte von ihm zeugen von einem <a href=\"https:\/\/markuslauterburg.ch\/bands-projekte\/robert-walser-ein-wort-klang-spiel-mit-kindlichem-ernst\" rel=\"noopener noreferrer\" target=\"_blank\">Wort-Klang-Spiel von kindlichem Ernst<\/a>. Wie das Gedicht &#8218;M\u00e4dchen&#8216; so sind viele mit \u201e<a href=\"https:\/\/lyrikpoemversgedicht.wordpress.com\/2013\/11\/17\/zur-gesammelten-poesie-robert-walsers-schnee-liegt-vergnugt-auf-allen-dachern-wie-langst-vergesne-brief-in-fachern\/\" rel=\"noopener noreferrer\" target=\"_blank\">ziemlich gewollten, ungl\u00fccklichen Reime<\/a>[n]\u201c ausgestattet. Aber darin liegt der Reiz: Vielleicht sollten wir etwas kindlicher sein.<\/p>\n<p>Hier nur ein kleines, weiteres Beispiel Walser&#8217;scher Dichtkunst:<\/p>\n<p><em>\u201cSchnee liegt vergn\u00fcgt auf allen D\u00e4chern<br \/>\nwie l\u00e4ngst verge\u00dfne Brief in F\u00e4chern\u201d<\/em><\/p>\n<p><em>&#8222;Wie ich zum Dichten kam, wei\u00df ich selber nicht recht. Das gab sich, wie sich sonst etwas gibt. Ich habe mich oft gefragt, wie es anfing. Nun, es fing bei einem Zipfelchen an und nahm mich fort. Kaum wu\u00dfte ich, was ich tat. Ich dichtete aus einem Gemisch von hellgoldenen Aussichten und \u00e4ngstlicher Aussichtslosigkeit, war immer hlb in Angst, halb in einem beinah \u00fcbersprudelnden Frohlocken.&#8220; <\/em><br \/>\nRobert Walser<\/p>\n","protected":false},"excerpt":{"rendered":"<p>Es war im Jahr 1978, also vor nun 42 Jahren &#8211; ich war im noch zarten Alter von 24 Jahren -, da g\u00f6nnte ich mir als Werkausgabe Edition suhrkamp (ja, die mit dem Reihendesign in Spektralfarben) das Gesamtwerk in 12 B\u00e4nden von Robert Walser (erste Auflage zum 100. Geburtstag). Irgendwie muss ich \u00fcber Hermann Hesse &hellip; <a href=\"https:\/\/willizblog.de\/?p=11104\" class=\"more-link\"><span class=\"screen-reader-text\">Robert Walser: M\u00e4dchen<\/span> weiterlesen <span class=\"meta-nav\">&rarr;<\/span><\/a><\/p>\n","protected":false},"author":1,"featured_media":0,"comment_status":"open","ping_status":"open","sticky":false,"template":"","format":"standard","meta":[],"categories":[14],"tags":[],"_links":{"self":[{"href":"https:\/\/willizblog.de\/index.php?rest_route=\/wp\/v2\/posts\/11104"}],"collection":[{"href":"https:\/\/willizblog.de\/index.php?rest_route=\/wp\/v2\/posts"}],"about":[{"href":"https:\/\/willizblog.de\/index.php?rest_route=\/wp\/v2\/types\/post"}],"author":[{"embeddable":true,"href":"https:\/\/willizblog.de\/index.php?rest_route=\/wp\/v2\/users\/1"}],"replies":[{"embeddable":true,"href":"https:\/\/willizblog.de\/index.php?rest_route=%2Fwp%2Fv2%2Fcomments&post=11104"}],"version-history":[{"count":0,"href":"https:\/\/willizblog.de\/index.php?rest_route=\/wp\/v2\/posts\/11104\/revisions"}],"wp:attachment":[{"href":"https:\/\/willizblog.de\/index.php?rest_route=%2Fwp%2Fv2%2Fmedia&parent=11104"}],"wp:term":[{"taxonomy":"category","embeddable":true,"href":"https:\/\/willizblog.de\/index.php?rest_route=%2Fwp%2Fv2%2Fcategories&post=11104"},{"taxonomy":"post_tag","embeddable":true,"href":"https:\/\/willizblog.de\/index.php?rest_route=%2Fwp%2Fv2%2Ftags&post=11104"}],"curies":[{"name":"wp","href":"https:\/\/api.w.org\/{rel}","templated":true}]}}