{"id":1111,"date":"2008-02-22T12:26:59","date_gmt":"2008-02-22T10:26:59","guid":{"rendered":"http:\/\/www.albinz.de\/blog\/?p=1111"},"modified":"2008-05-15T08:16:53","modified_gmt":"2008-05-15T06:16:53","slug":"unterschlagene-beitrage","status":"publish","type":"post","link":"https:\/\/willizblog.de\/?p=1111","title":{"rendered":"(Fast) unterschlagene Beitr\u00e4ge"},"content":{"rendered":"<p><em>Da ich leider nicht \u00fcber Nummernkonten in der Schweiz oder Liechtenstein verf\u00fcge, deren Zinsertr\u00e4ge mir ein sorgenfreies Dasein erm\u00f6glichten, ich also im Schwei\u00dfe meines Angesichts altt\u00e4glich einem Beruf nachgehen muss, der mich immerhin die Br\u00f6tchen verdienen l\u00e4sst, die meine Lieben und mich n\u00e4hren, so ist die Zeit knapp, um mich \u00fcber all das auszulassen, was mich insgeheim besch\u00e4ftigt und in manchem Fall in dieser Woche durch Schlagzeilen in den Medien dokumentiert wurde. Daher hier nur in K\u00fcrze, was ich sonst unterschlagen m\u00fcsste (unterschlagene Schlagzeilen k\u00f6nnte es auch hei\u00dfen):<\/em><\/p>\n<p><a href=\"http:\/\/www.heute.de\/ZDFheute\/inhalt\/3\/0,3672,7161251,00.html\" target=\"_blank\">Ger\u00fcchte \u00fcber Aff\u00e4re: McCain wehrt sich<\/a><\/p>\n<p>Ger\u00fcchte \u00fcber eine Aff\u00e4re mit einer Lobbyistin haben den republikanischen Pr\u00e4sidentschaftsbewerber John McCain unter Druck gesetzt und in Rage gebracht. Da dachte ich, dass der gute Mann mit seinen 71 Jahren f\u00fcrs Pr\u00e4sidentenamt zu alt w\u00e4re.<\/p>\n<p><a href=\"http:\/\/fussball.zdf.de\/ZDFsport\/inhalt\/19\/0,5676,7160691,00.html\" target=\"_blank\">Lehmann h\u00e4lt seinen Kasten sauber<\/a><\/p>\n<p>Berlusconis Sklaven erzwingen ein Unentschieden in London. Der letztj\u00e4hrige Champions League-Sieger wurschtelt sich weiterhin in Richtung Endspiel. Und Silvio Richtung Ministerpr\u00e4sidentenamt?<\/p>\n<p><a href=\"http:\/\/fussball.zdf.de\/ZDFsport\/inhalt\/13\/0,5676,7161261,00.html\" target=\"_blank\">Werder Bremen sorgt sich um Diego<\/a><\/p>\n<p>So langsam glaube ich, dass die Gegend in und um (Werder) Bremen gesundheitsgef\u00e4hrdend ist. Dem einen schl\u00e4gt es auf die Nieren (Klasnic), dem anderen verursacht es schlaflose N\u00e4chte (Carlos Alberto) \u2013 und jetzt muss man sich langzeitig um Diego sorgen, den eine schmerzhafte Schambeinentz\u00fcndung plagt.<\/p>\n<p><a href=\"http:\/\/www.heute.de\/ZDFheute\/inhalt\/25\/0,3672,7160569,00.html\" target=\"_blank\">Strafanzeige gegen Bundesregierung &#8211; Liechtenstein wehrt sich<\/a><\/p>\n<p>Sollte das Steuersparmodell Liechtenstein bald zu den Akten gelegt sein? Und was, wenn z.B. h\u00f6chste deutsche Gerichtsbarkeit feststellt, dass illegal erworbene Steuerdaten nicht verwertet werden d\u00fcrfen, also die Steuerfahnder so tun m\u00fcssten, als w\u00fcssten sie von nichts? Wird Zumwinkel wieder Postchef?<\/p>\n","protected":false},"excerpt":{"rendered":"<p>Da ich leider nicht \u00fcber Nummernkonten in der Schweiz oder Liechtenstein verf\u00fcge, deren Zinsertr\u00e4ge mir ein sorgenfreies Dasein erm\u00f6glichten, ich also im Schwei\u00dfe meines Angesichts altt\u00e4glich einem Beruf nachgehen muss, der mich immerhin die Br\u00f6tchen verdienen l\u00e4sst, die meine Lieben und mich n\u00e4hren, so ist die Zeit knapp, um mich \u00fcber all das auszulassen, was &hellip; <a href=\"https:\/\/willizblog.de\/?p=1111\" class=\"more-link\"><span class=\"screen-reader-text\">(Fast) unterschlagene Beitr\u00e4ge<\/span> weiterlesen <span class=\"meta-nav\">&rarr;<\/span><\/a><\/p>\n","protected":false},"author":1,"featured_media":0,"comment_status":"open","ping_status":"closed","sticky":false,"template":"","format":"standard","meta":[],"categories":[12,4],"tags":[],"_links":{"self":[{"href":"https:\/\/willizblog.de\/index.php?rest_route=\/wp\/v2\/posts\/1111"}],"collection":[{"href":"https:\/\/willizblog.de\/index.php?rest_route=\/wp\/v2\/posts"}],"about":[{"href":"https:\/\/willizblog.de\/index.php?rest_route=\/wp\/v2\/types\/post"}],"author":[{"embeddable":true,"href":"https:\/\/willizblog.de\/index.php?rest_route=\/wp\/v2\/users\/1"}],"replies":[{"embeddable":true,"href":"https:\/\/willizblog.de\/index.php?rest_route=%2Fwp%2Fv2%2Fcomments&post=1111"}],"version-history":[{"count":0,"href":"https:\/\/willizblog.de\/index.php?rest_route=\/wp\/v2\/posts\/1111\/revisions"}],"wp:attachment":[{"href":"https:\/\/willizblog.de\/index.php?rest_route=%2Fwp%2Fv2%2Fmedia&parent=1111"}],"wp:term":[{"taxonomy":"category","embeddable":true,"href":"https:\/\/willizblog.de\/index.php?rest_route=%2Fwp%2Fv2%2Fcategories&post=1111"},{"taxonomy":"post_tag","embeddable":true,"href":"https:\/\/willizblog.de\/index.php?rest_route=%2Fwp%2Fv2%2Ftags&post=1111"}],"curies":[{"name":"wp","href":"https:\/\/api.w.org\/{rel}","templated":true}]}}