{"id":11111,"date":"2020-09-07T12:41:40","date_gmt":"2020-09-07T12:41:40","guid":{"rendered":"https:\/\/willizblog.de\/?p=11111"},"modified":"2020-09-07T15:40:46","modified_gmt":"2020-09-07T15:40:46","slug":"alte-weisse-maenner-1-a-lukaschenko","status":"publish","type":"post","link":"https:\/\/willizblog.de\/?p=11111","title":{"rendered":"&#8230; alte wei\u00dfe M\u00e4nner (1): A. Lukaschenko"},"content":{"rendered":"<p>Es ist nicht bewiesen, dass <a href=\"https:\/\/de.wikipedia.org\/wiki\/Swjatlana_Zichanouskaja\" rel=\"noopener noreferrer\" target=\"_blank\">Swetlana Tichanowskaja<\/a>, w\u00e4re die Wahl in <a href=\"https:\/\/de.wikipedia.org\/wiki\/Wei%C3%9Frussland\" rel=\"noopener noreferrer\" target=\"_blank\">Belarus<\/a> ordnungsgem\u00e4\u00df verlaufen, gesiegt h\u00e4tte. Ich behaupte sogar, dass <a href=\"https:\/\/de.wikipedia.org\/wiki\/Aljaksandr_Lukaschenka\" rel=\"noopener noreferrer\" target=\"_blank\">Alexander Lukaschenko<\/a> auch ohne Wahlf\u00e4lschungen die Pr\u00e4sidentschaftswahl gewonnen hat. Denn, und da widerspreche ich den Aussagen Tichanowskajas, die Mehrheit der B\u00fcrgerinnen und B\u00fcrger von Belarus steht weiterhin hinter ihrem <a href=\"https:\/\/www.derstandard.at\/story\/1828652\/praesident--alexander-lukaschenko\" rel=\"noopener noreferrer\" target=\"_blank\">&#8222;batka&#8220; (&#8222;Papa&#8220;)<\/a>, wie sich Lukaschenko gern nennen l\u00e4\u00dft.<\/p>\n<p>Warum war er nun so bl\u00f6d, hat allerorten die Wahl zu seinem Gunsten &#8218;korrigieren&#8216; lassen? Mussten es unbedingt 80,1 % der W\u00e4hlerinnen und W\u00e4hler sein, die f\u00fcr ihn stimmten?<\/p>\n<p><img src=\"https:\/\/www.willizblog.de\/pics\/alte_weisse_maenner_rot.jpg\" alt=\"Warnung vor alten, wei\u00dfen M\u00e4nner! (nur eine Auswahl!)\" title=\"Warnung vor alten, wei\u00dfen M\u00e4nner! (nur eine Auswahl!)\" \/><br \/>\nWarnung vor alten, wei\u00dfen M\u00e4nner! (nur eine Auswahl!)<\/p>\n<p>&#8222;Papa&#8220; ist der Beste. Das sagen vor allem die \u00c4lteren und die Leute vom Lande \u00fcber ihren Pr\u00e4sidenten. Und diese Bev\u00f6lkerungsgruppen bestimmten bisher die Zukunft des Landes. Man schaue nur, wer f\u00fcr Lukaschenko auf die Stra\u00dfe geht, meist alte Menschen, die den Altersdurchschnitt nur dadurch senken, in dem sie ihre Enkel mitbringen. Gegen Lukaschenko stellen sich junge Menschen und solche, die endlich die Schnauze voll haben von einem Mann, der sich an das h\u00e4lt, was er zu Sowjetzeiten gelernt hat. Demokratie ist ihm suspekt.<\/p>\n<p>Warum also die doch anscheinend unn\u00f6tigen Wahlmanipulationen? Warum der Einsatz der Spezialeinheit der <a href=\"https:\/\/de.wikipedia.org\/wiki\/OMON_(Wei%C3%9Frussland)\" rel=\"noopener noreferrer\" target=\"_blank\">belarusischen Polizei OMON (\u041e\u043c\u043e\u043d)<\/a> gegen das eigene Volk? Warum die L\u00fcgen, die uns an einen im Westen ans\u00e4ssigen Pr\u00e4sidenten erinnern?<\/p>\n<p>Die Gr\u00fcnde liegen im &#8218;Wesen der Sache&#8216;. Lukaschenko ist ein Relikt alter Sowjetherrschaft. Und nach 26 Jahren an der Macht, verschiebt sich der Blickwinkel eines solchen Mannes um einiges. Lukaschenko ist alt geworden und seine Sicht der Realit\u00e4t ist eine andere als die von jungen Menschen. Wer st\u00e4ndig in der Unwahrheit lebt, wem von den eigenen Schergen immer Honig um den (Oberlippen-)Bart geschmiert wird, der glaubt sich im Recht. Lukaschenko klebt wie alle Autokraten an der Macht. Keiner kann es besser machen als er, vielleicht in einigen Jahren nur der eigene Sohn. Aber wer so autorit\u00e4r regiert, der f\u00fcrchte den Machtverlust. \u00dcberall wird Verschw\u00f6rung gewittert. Es k\u00f6nnen nur b\u00f6se Menschen sein, die ihm ans Leder wollen. Gegen solche Menschen kann nur mit aller H\u00e4rte vorgegangen werden.<\/p>\n<p>Wenn Lukaschenko wahrscheinlich auch ohne Wahlf\u00e4lschung die Pr\u00e4sidentenwahl gewonnen h\u00e4tte, so w\u00e4re es f\u00fcr ihn eine bittere Pille, einsehen zu m\u00fcssen, dass er hohe Stimmenverluste (denn nie und nimmer h\u00e4tte er \u00fcber 80 % der Stimmen bekommen)  hinnehmen musste. Ein Br\u00f6ckeln seiner Macht ist f\u00fcr ihn nicht hinnehmbar. Es w\u00e4re der ber\u00fchmte Anfang vom Ende.<\/p>\n<p>Und so bel\u00fcgt er sich im Grunde selbst und lebt in einer Welt, die sich von der seines Volkes deutlich unterscheidet. Wie lange sich dieser alte, wei\u00dfe Mann in Minsk noch halten kann, ist vor allem abh\u00e4ngig von einem anderen wei\u00dfen Mann, der in die Jahre gekommenen ist und in Moskau residiert.<\/p>\n<p>Ich bin der gleiche Jahrgang wie Lukaschenko (und Frau Merkel) und ein gutes Jahr j\u00fcnger als <a href=\"https:\/\/willizblog.de\/?s=putin\" rel=\"noopener noreferrer\" target=\"_blank\">Putin<\/a>. Also auch ein alter, wei\u00dfer Mann. Aber mich ekelt es mehr und mehr an, wenn die alten Knaben (und auch M\u00e4dels) meinen, unsere Geschicke bestimmen zu m\u00fcssen. <strong>Irgendwann (nach 26 Jahren) sollte Schluss sein, Herr Lukaschenko!<\/strong><\/p>\n<p><strong>Erg\u00e4nzung:<\/strong> Die belarusische Oppositionsbewegung ist besorgt: Eine ihrer wichtigsten Aktivistinnen wird vermisst. Unbekannte sollen Kolesnikowa in einem Kleinbus verschleppt haben. Die Polizei dementiert eine Festnahme.<\/p>\n<p>Von einer der wichtigsten Anf\u00fchrerinnen der Opposition in Belarus, <a href=\"https:\/\/de.wikipedia.org\/wiki\/Maryja_Kalesnikawa\" rel=\"noopener noreferrer\" target=\"_blank\">Maria Kolesnikowa<\/a>, fehlt jede Spur. Der Pressedienst des Koordinierungsrates der Demokratiebewegung teilte mit, ihre Kollegen h\u00e4tten keinen Kontakt zu ihr. Ihr Telefon sei abgeschaltet. Au\u00dferdem seien ihr Mitarbeiter Iwan Krawzow und ihr Sprecher Anton Rodnenkow nicht mehr erreichbar. Lukaschenkos Schergen schlagen zu! <strong>Stalin l\u00e4sst gr\u00fc\u00dfen!<\/strong><\/p>\n<p><strong>Au\u00dferdem:<\/strong> <a href=\"https:\/\/de.wikipedia.org\/wiki\/Pawel_Latuschka\" rel=\"noopener noreferrer\" target=\"_blank\">Pawel Latuschko<\/a>, Mitglied des Koordinierungsrates, ehemaliger Kulturminister und ehemaliger Diplomat, erkl\u00e4rte, er habe ein Ultimatum erhalten: Entweder er verlasse Belarus oder er werde strafrechtlich verfolgt.<\/p>\n<p>Lukaschenko setzt auf Eskalation: Sollten der Oppositionsaktivistin Kolesnikowa und ihren Mitarbeitern &#8218;etwas passieren&#8216;, dann f\u00fcrchte ich, dass die bisher friedlichen Proteste in gewaltt\u00e4tige Unruhen umschlagen. Wollen wir das nicht hoffen!<\/p>\n","protected":false},"excerpt":{"rendered":"<p>Es ist nicht bewiesen, dass Swetlana Tichanowskaja, w\u00e4re die Wahl in Belarus ordnungsgem\u00e4\u00df verlaufen, gesiegt h\u00e4tte. Ich behaupte sogar, dass Alexander Lukaschenko auch ohne Wahlf\u00e4lschungen die Pr\u00e4sidentschaftswahl gewonnen hat. Denn, und da widerspreche ich den Aussagen Tichanowskajas, die Mehrheit der B\u00fcrgerinnen und B\u00fcrger von Belarus steht weiterhin hinter ihrem &#8222;batka&#8220; (&#8222;Papa&#8220;), wie sich Lukaschenko gern &hellip; <a href=\"https:\/\/willizblog.de\/?p=11111\" class=\"more-link\"><span class=\"screen-reader-text\">&#8230; alte wei\u00dfe M\u00e4nner (1): A. Lukaschenko<\/span> weiterlesen <span class=\"meta-nav\">&rarr;<\/span><\/a><\/p>\n","protected":false},"author":1,"featured_media":0,"comment_status":"open","ping_status":"open","sticky":false,"template":"","format":"standard","meta":[],"categories":[20],"tags":[],"_links":{"self":[{"href":"https:\/\/willizblog.de\/index.php?rest_route=\/wp\/v2\/posts\/11111"}],"collection":[{"href":"https:\/\/willizblog.de\/index.php?rest_route=\/wp\/v2\/posts"}],"about":[{"href":"https:\/\/willizblog.de\/index.php?rest_route=\/wp\/v2\/types\/post"}],"author":[{"embeddable":true,"href":"https:\/\/willizblog.de\/index.php?rest_route=\/wp\/v2\/users\/1"}],"replies":[{"embeddable":true,"href":"https:\/\/willizblog.de\/index.php?rest_route=%2Fwp%2Fv2%2Fcomments&post=11111"}],"version-history":[{"count":0,"href":"https:\/\/willizblog.de\/index.php?rest_route=\/wp\/v2\/posts\/11111\/revisions"}],"wp:attachment":[{"href":"https:\/\/willizblog.de\/index.php?rest_route=%2Fwp%2Fv2%2Fmedia&parent=11111"}],"wp:term":[{"taxonomy":"category","embeddable":true,"href":"https:\/\/willizblog.de\/index.php?rest_route=%2Fwp%2Fv2%2Fcategories&post=11111"},{"taxonomy":"post_tag","embeddable":true,"href":"https:\/\/willizblog.de\/index.php?rest_route=%2Fwp%2Fv2%2Ftags&post=11111"}],"curies":[{"name":"wp","href":"https:\/\/api.w.org\/{rel}","templated":true}]}}