{"id":11118,"date":"2020-09-17T12:01:33","date_gmt":"2020-09-17T12:01:33","guid":{"rendered":"https:\/\/willizblog.de\/?p=11118"},"modified":"2020-09-17T12:03:28","modified_gmt":"2020-09-17T12:03:28","slug":"nein-so-doch-nicht-13-in-postideologischen-zeiten","status":"publish","type":"post","link":"https:\/\/willizblog.de\/?p=11118","title":{"rendered":"Nein, so doch nicht &#8230; (13): In postideologischen Zeiten"},"content":{"rendered":"<ul><em>Wo man fr\u00fcher \u00fcber Kapitalismus, Marxismus und die Qualit\u00e4t der Politiker stritt, geht es heute um Fleischkonsum und Vollkornrettung. Und wer meint, dass wir in postideologischen Zeiten leben, m\u00f6ge doch beim Elternabend vorschlagen, den Kindern beim Wandertag ein Wurstbr\u00f6tchen, Vollmilchschokolade und eine Dose Cola mitzugeben, wie fr\u00fcher. Ebenso gut k\u00f6nnte man Heroin anpreisen.<\/em><br \/>\n<a href=\"https:\/\/de.wikipedia.org\/wiki\/Nils_Minkmar\" rel=\"noopener noreferrer\" target=\"_blank\">Nils Minkmar<\/a> im <a href=\"https:\/\/www.spiegel.de\/suche\/?suchbegriff=Nils+Minkmar\" rel=\"noopener noreferrer\" target=\"_blank\">&#8218;Spiegel&#8216;<\/a><\/ul>\n<p>2016 wurde Minkmar mit dem Ben-Witter-Preis ausgezeichnet und geehrt als \u201elebenskluger Beobachter unserer kleinen Welt, der sich seinen freien Blick und sanften Spott bewahrt hat\u201c. <\/p>\n<p><img src=\"https:\/\/www.willizblog.de\/images\/nein_so_doch_nicht.jpg\" alt=\"Nein, so doch nicht ...\" title=\"Nein, so doch nicht ...\" \/><br \/>\nNein, so doch nicht &#8230;<\/p>\n<p>Wer ist schon frei von Ideologie? Auch wenn wir uns nicht mehr so sehr um das gro\u00dfe Ganze streiten, so hat doch jeder sein spezielles Gedankengeb\u00e4ude errichtet &#8211; bei dem einen ist es eher klein, bei dem anderen eher etwas gr\u00f6\u00dfer aufgestellt -, um gewisserma\u00dfen \u00fcber die allt\u00e4glichen Runden zu kommen.<\/p>\n<p>Und wenn mancher meint, die &#8218;gro\u00dfe Ideologie&#8216; von vorgestern bem\u00fchen zu m\u00fcssen, dann verbirgt sich dahinter doch ein kleinkariertes Denken, das eher Schaden anrichtet als Nutzen bringt.<\/p>\n<p>So sind mir diejenigen doch lieber, Herr Minkmar, die ern\u00e4hrungstechnisch ins Ideologische reichende  Vorstellungen haben, als solche, die Nation und Volk zu v\u00f6lkischem Chauvinismus verwandeln wollen.<\/p>\n","protected":false},"excerpt":{"rendered":"<p>Wo man fr\u00fcher \u00fcber Kapitalismus, Marxismus und die Qualit\u00e4t der Politiker stritt, geht es heute um Fleischkonsum und Vollkornrettung. Und wer meint, dass wir in postideologischen Zeiten leben, m\u00f6ge doch beim Elternabend vorschlagen, den Kindern beim Wandertag ein Wurstbr\u00f6tchen, Vollmilchschokolade und eine Dose Cola mitzugeben, wie fr\u00fcher. Ebenso gut k\u00f6nnte man Heroin anpreisen. Nils Minkmar &hellip; <a href=\"https:\/\/willizblog.de\/?p=11118\" class=\"more-link\"><span class=\"screen-reader-text\">Nein, so doch nicht &#8230; (13): In postideologischen Zeiten<\/span> weiterlesen <span class=\"meta-nav\">&rarr;<\/span><\/a><\/p>\n","protected":false},"author":1,"featured_media":0,"comment_status":"open","ping_status":"open","sticky":false,"template":"","format":"standard","meta":[],"categories":[30],"tags":[],"_links":{"self":[{"href":"https:\/\/willizblog.de\/index.php?rest_route=\/wp\/v2\/posts\/11118"}],"collection":[{"href":"https:\/\/willizblog.de\/index.php?rest_route=\/wp\/v2\/posts"}],"about":[{"href":"https:\/\/willizblog.de\/index.php?rest_route=\/wp\/v2\/types\/post"}],"author":[{"embeddable":true,"href":"https:\/\/willizblog.de\/index.php?rest_route=\/wp\/v2\/users\/1"}],"replies":[{"embeddable":true,"href":"https:\/\/willizblog.de\/index.php?rest_route=%2Fwp%2Fv2%2Fcomments&post=11118"}],"version-history":[{"count":0,"href":"https:\/\/willizblog.de\/index.php?rest_route=\/wp\/v2\/posts\/11118\/revisions"}],"wp:attachment":[{"href":"https:\/\/willizblog.de\/index.php?rest_route=%2Fwp%2Fv2%2Fmedia&parent=11118"}],"wp:term":[{"taxonomy":"category","embeddable":true,"href":"https:\/\/willizblog.de\/index.php?rest_route=%2Fwp%2Fv2%2Fcategories&post=11118"},{"taxonomy":"post_tag","embeddable":true,"href":"https:\/\/willizblog.de\/index.php?rest_route=%2Fwp%2Fv2%2Ftags&post=11118"}],"curies":[{"name":"wp","href":"https:\/\/api.w.org\/{rel}","templated":true}]}}