{"id":11123,"date":"2020-09-22T10:44:52","date_gmt":"2020-09-22T10:44:52","guid":{"rendered":"https:\/\/willizblog.de\/?p=11123"},"modified":"2020-09-22T10:44:52","modified_gmt":"2020-09-22T10:44:52","slug":"willis-plaudereien-9-und-und-oder-oder","status":"publish","type":"post","link":"https:\/\/willizblog.de\/?p=11123","title":{"rendered":"Willis Plaudereien (9): Und und\/oder oder?"},"content":{"rendered":"<p>Denen, die jetzt Bahnhof verstehen, sei es erkl\u00e4rt: Es geht um die Frage, ob jemand ein Und-Typ ist oder doch eher ein Oder-Typ \u2013 oder vielleicht beides: Ein Und-Oder-Typ. <a href=\"https:\/\/www.dict.cc\/?s=geddit\" rel=\"noopener noreferrer\" target=\"_blank\">Geddit?<\/a> Immer noch nicht?<\/p>\n<p>Es ist ganz einfach: Es gibt die &#8218;ber\u00fchmten&#8216; Fragen: Tee oder Kaffee? Meer oder Berge? Beatles oder Stones? Und derer viele mehr. Na, geht Dir so langsam ein Licht auf? <a href=\"https:\/\/deit.dict.cc\/?s=Avete+capito%3F\" rel=\"noopener noreferrer\" target=\"_blank\">Avete capito<\/a>, wohin die Reise geht?<\/p>\n<p>Was f\u00fcr ein Typ bist Du? Trinkst Du lieber Tee oder doch lieber Kaffee? Reist Du lieber ans Meer oder in die Berge? Magst Du lieber die Beatles oder doch eher die Rolling Stones?<\/p>\n<p><img src=\"https:\/\/www.willizblog.de\/pics\/willi_mit_helm_2019_idar_obersteinlila.jpg\" alt=\"Willi mit Helm in lila (Edelsteinminen Idar-Oberstein Juli 2019)\" title=\"Willi mit Helm in lila (Edelsteinminen Idar-Oberstein Juli 2019)\" \/><br \/>\nWilli mit Helm in lila (Edelsteinminen Idar-Oberstein Juli 2019)<\/p>\n<p>Nein, ich will hier nicht in die Welt der <a href=\"https:\/\/de.wikipedia.org\/wiki\/Antonym\" rel=\"noopener noreferrer\" target=\"_blank\">Antonyme<\/a>, der Gegensatzw\u00f6rter, einsteigen, obwohl dazu nat\u00fcrlich viel zu schreiben w\u00e4re. Es geht hier (soviel darf doch geschrieben sein) um Antonyme im weiteren Sinne.<\/p>\n<p>Was f\u00fcr ein Typ bist Du also? Bleiben wir bei der Frage nach Tee oder Kaffee?  Der eine mag also lieber Tee als Kaffee oder umgekehrt. Manche m\u00f6gen aber durchaus auch beide Getr\u00e4nke gern (Und-Oder-Typ). Da f\u00e4llt mir nat\u00fcrlich gleich ein, dass ich etwas vergessen habe: die Weder-Noch-Typen, die also weder Tee noch Kaffee m\u00f6gen, lieber Milch, Saft oder Wasser trinken.<\/p>\n<p>O je! Wir Menschen sind schon seltsame Gebilde. Viele fragen nach dem Sinn des Lebens und stolpern schon \u00fcber kleinste Kleinigkeiten wie eben diese: Was mag ich lieber? Und vor allem: Was mag meine Liebste\/mein Liebster gern.<\/p>\n<p>Ich wei\u00df nicht, ob es viele dieser <a href=\"https:\/\/www.duden.de\/rechtschreibung\/Deckungsgleichheit\" rel=\"noopener noreferrer\" target=\"_blank\">Deckungsgleichheiten<\/a> in einer Partnerschaft geben muss, um ihr eine gewisse Dauer zu garantieren. Angeblich m\u00f6gen sich Gegens\u00e4tze anziehen, aber auf lange Sicht habe ich da doch meine Bedenken, was die Zeitspanne einer solchen Beziehung betrifft.<\/p>\n<p>Zudem l\u00e4sst es sich gut streiten, was denn nun besser (oder ges\u00fcnder und\/oder sch\u00f6ner und begl\u00fcckender etc.) ist. Wie auch immer: Es ist gut, dass wir Menschen auch in solch kleinen Dingen unterschiedlich sind. Es w\u00e4re langweilig, wenn alle nur Kaffee m\u00f6gen. Da k\u00e4me dann aber ein Ostfriese um die Ecke (wie in der Werbung) und w\u00fcrde fragen: <a href=\"https:\/\/www.youtube.com\/watch?v=zYtSTWD5uPk\" rel=\"noopener noreferrer\" target=\"_blank\"><strong>Und was ist mit Tee?!<\/strong><\/a><\/p>\n","protected":false},"excerpt":{"rendered":"<p>Denen, die jetzt Bahnhof verstehen, sei es erkl\u00e4rt: Es geht um die Frage, ob jemand ein Und-Typ ist oder doch eher ein Oder-Typ \u2013 oder vielleicht beides: Ein Und-Oder-Typ. Geddit? Immer noch nicht? Es ist ganz einfach: Es gibt die &#8218;ber\u00fchmten&#8216; Fragen: Tee oder Kaffee? Meer oder Berge? Beatles oder Stones? Und derer viele mehr. &hellip; <a href=\"https:\/\/willizblog.de\/?p=11123\" class=\"more-link\"><span class=\"screen-reader-text\">Willis Plaudereien (9): Und und\/oder oder?<\/span> weiterlesen <span class=\"meta-nav\">&rarr;<\/span><\/a><\/p>\n","protected":false},"author":1,"featured_media":0,"comment_status":"open","ping_status":"open","sticky":false,"template":"","format":"standard","meta":[],"categories":[30],"tags":[],"_links":{"self":[{"href":"https:\/\/willizblog.de\/index.php?rest_route=\/wp\/v2\/posts\/11123"}],"collection":[{"href":"https:\/\/willizblog.de\/index.php?rest_route=\/wp\/v2\/posts"}],"about":[{"href":"https:\/\/willizblog.de\/index.php?rest_route=\/wp\/v2\/types\/post"}],"author":[{"embeddable":true,"href":"https:\/\/willizblog.de\/index.php?rest_route=\/wp\/v2\/users\/1"}],"replies":[{"embeddable":true,"href":"https:\/\/willizblog.de\/index.php?rest_route=%2Fwp%2Fv2%2Fcomments&post=11123"}],"version-history":[{"count":0,"href":"https:\/\/willizblog.de\/index.php?rest_route=\/wp\/v2\/posts\/11123\/revisions"}],"wp:attachment":[{"href":"https:\/\/willizblog.de\/index.php?rest_route=%2Fwp%2Fv2%2Fmedia&parent=11123"}],"wp:term":[{"taxonomy":"category","embeddable":true,"href":"https:\/\/willizblog.de\/index.php?rest_route=%2Fwp%2Fv2%2Fcategories&post=11123"},{"taxonomy":"post_tag","embeddable":true,"href":"https:\/\/willizblog.de\/index.php?rest_route=%2Fwp%2Fv2%2Ftags&post=11123"}],"curies":[{"name":"wp","href":"https:\/\/api.w.org\/{rel}","templated":true}]}}