{"id":11135,"date":"2020-10-14T09:52:37","date_gmt":"2020-10-14T09:52:37","guid":{"rendered":"https:\/\/willizblog.de\/?p=11135"},"modified":"2020-10-14T09:52:37","modified_gmt":"2020-10-14T09:52:37","slug":"wenn-ungerechtigkeit-zum-gesetz-wird-wird-widerstand-zur-pflicht","status":"publish","type":"post","link":"https:\/\/willizblog.de\/?p=11135","title":{"rendered":"&#8222;Wenn Ungerechtigkeit zum Gesetz wird, wird Widerstand zur Pflicht.&#8220;"},"content":{"rendered":"<p>Da gibt es die <a href=\"https:\/\/www.tagesschau.de\/ausland\/kirgistan-ausnahmezustand-101.html\" target=\"_blank\" rel=\"noopener noreferrer\">Unruhen in Kirgistan<\/a>, in <a href=\"https:\/\/www.dw.com\/de\/chabarowsk-die-stadt-die-gegen-putin-aufsteht\/a-54422770\" rel=\"noopener noreferrer\" target=\"_blank\">Chabarowsk<\/a> finden seit Wochen Anti-Kreml-Proteste statt. Der <a href=\"https:\/\/de.wikipedia.org\/wiki\/Bergkarabachkonflikt\" rel=\"noopener noreferrer\" target=\"_blank\">Streit um Bergkarabach<\/a> zwischen Armenien und Aserbaidschan hat einen neuen H\u00f6hepunkt in den kriegerischen Auseinandersetzungen erreicht. Und in den USA werden weiterhin Schwarze von Polizisten und rechtsextremistischen Trump-Anh\u00e4ngern get\u00f6tet (<a href=\"https:\/\/de.wikipedia.org\/wiki\/Black_Lives_Matter\" rel=\"noopener noreferrer\" target=\"_blank\">Black lives matter!<\/a>) In was f\u00fcr einer Welt leben wir?<\/p>\n<p>Und in Belarus gehen die Menschen weiterhin auf die Stra\u00dfe, um gegen den Wahlbetrug durch Alexander Lukaschenko zu protestieren. Seit Neuestem sind es die Rentnerinnen und Rentner, die montags demonstrieren und gegen die die so genannten Sicherheitsbeamten zuletzt mit bisher unbekannter H\u00e4rte vorgegangen sind: Es gab Verhaftungen und u.a. den Einsatz von Pfefferspray und Blendgranaten. Am Samstag demonstrieren weiterhin die Frauen und am Sonntag alle gemeinsam gegen Lukaschenko: Ihre Forderungen wie sie Swetlana Tichanowskaja  in einem Ultimatum formuliert:<\/p>\n<p>1. Lukaschenko muss seinen R\u00fccktritt bekannt geben<br \/>\n2. Gewalt auf den Stra\u00dfen muss vollst\u00e4ndig aufh\u00f6ren<br \/>\n3. Alle politischen Gefangenen m\u00fcssen freigelassen werden<\/p>\n<p><img src=\"https:\/\/www.willizblog.de\/pics\/belarus2020_verhaftung_mit_blume.jpg\" alt=\"Belarus 2020: Verhaftung mit Blume\" title=\"Belarus 2020: Verhaftung mit Blume\" \/><br \/>\nBelarus 2020: Verhaftung mit Blume<br \/>\n\u00dcbrigens: Die junge Frau wurde heute zu einer Strafe von 810 Rubel verurteilt<\/p>\n<p>Das Wochenende begann mit einer \u00dcberraschung: Am Samstag, den 10. Oktober, kam es zu einem \u00e4u\u00dferst omin\u00f6sen <a href=\"https:\/\/deu.belta.by\/president\/view\/lukaschenko-traf-sich-mit-vertretern-der-opposition-im-untersuchungsgefangnis-des-kgb-53156-2020\/\" rel=\"noopener noreferrer\" target=\"_blank\">Treffen zwischen Lukaschenko und zw\u00f6lf inhaftierten Vertretern der Opposition<\/a> im Untersuchungsgef\u00e4ngnis des KGB. Auch Maria Kolesnikowa, die belarussische Oppositionsf\u00fchrerin, war dazu eingeladen, weigerte sich aber teilzunehmen: &#8222;Ich bin gl\u00fccklicher in meiner Zelle.&#8220;<\/p>\n<p>Nat\u00fcrlich kann ein solches Treffen nur als absurd bezeichnet werden: Da kommt der &#8218;Gef\u00e4ngnisdirektor&#8216; zu seinen Gefangenen und h\u00e4lt ihnen Vortr\u00e4ge \u00fcber seine Dialogbereitschaft, die er sp\u00e4testens an den folgenden Tagen dank seiner Schl\u00e4gertrupps widerlegt.<\/p>\n<p>Und \u00fcber den Internetauftritt von <a href=\"https:\/\/de.wikipedia.org\/wiki\/BelTA\" rel=\"noopener noreferrer\" target=\"_blank\">BelTA<\/a>, der staatlichen Nachrichtenagentur von Belarus, erz\u00e4hlt der <a href=\"https:\/\/deu.belta.by\/president\/view\/destruktivitat-dieser-bewegung-liegt-auf-der-hand-lukaschenko-erzahlt-uber-neue-taktik-der-53144-2020\/\" rel=\"noopener noreferrer\" target=\"_blank\">M\u00e4rchenonkel Lukaschenko<\/a>, was er von der angeblich neuen Taktik der Stra\u00dfenproteste h\u00e4lt; sein Fazit: \u201eDestruktivit\u00e4t dieser Bewegung liegt auf der Hand\u201c. Scheinbar hat der \u00dcbersetzer f\u00fcrs Deutsche die Kurve gekratzt, daf\u00fcr wurde der Google \u00dcbersetzer benutzt, der Text ist sehr blumig. Lukaschenko spricht von einer <em>Buntrevolution<\/em> (<a href=\"https:\/\/de.wikipedia.org\/wiki\/Farbrevolutionen\" rel=\"noopener noreferrer\" target=\"_blank\">Farbrevolution<\/a>) und bezieht sich hierbei aufgrund fr\u00fcherer \u00c4u\u00dferungen auf die Ukraine und <a href=\"https:\/\/de.wikipedia.org\/wiki\/Euromaidan\" rel=\"noopener noreferrer\" target=\"_blank\">Euromaidan<\/a>, als die Lage dort eskalierte und zuletzt Pr\u00e4sident Janukowytsch abgesetzt wurde. &#8211; Die belarusischen Demonstranten bezeichnet Lukaschenko als Radikale. Hier gibt er sich wieder sehr &#8218;v\u00e4terlich&#8216; und verweist auf die kilometerlangen Staus, die die Demonstranten verursachen. Und: \u201eDie Eltern k\u00f6nnen ihre Kinder nicht wegen Schreie auf den Stra\u00dfen ins Bett bringen.\u201c<\/p>\n<p>Er unterstellt den Protestierenden Gewaltbereitschaft. Das folgende Foto verdeutlicht es besonders:<\/p>\n<p><img src=\"https:\/\/www.willizblog.de\/pics\/belarus2020_schutz_des_wasserwerfers.jpg\" alt=\"Am 11. Oktober richtete ein Sicherheitsbeamter eine Schrotflinte auf eine radikale Demonstrantin, die mit einem Regenschirm bewaffnet war\" title=\"Am 11. Oktober richtete ein Sicherheitsbeamter eine Schrotflinte auf eine radikale Demonstrantin, die mit einem Regenschirm bewaffnet war\" \/><br \/>\nAm 11. Oktober richtete ein Sicherheitsbeamter eine Schrotflinte auf eine radikale Demonstrantin, die mit einem Regenschirm bewaffnet war<\/p>\n<p>Am Rande: W\u00e4hrend der Proteste am Wochenende wird meist das mobile Funknetz unterbrochen, um den Austausch von Informationen zwischen den Demonstrierenden zu verhindern. Aber die Menschen wissen sich zu helfen. Wie auf dem folgenden Bild, so geben Anwohner ihr WLAN f\u00fcr die Nutzung frei:<\/p>\n<p><img src=\"https:\/\/www.willizblog.de\/pics\/belarus2020_freies_wlan.jpg\" alt=\"Freies WLAN f\u00fcr Protestierende\" title=\"Freies WLAN f\u00fcr Protestierende\" \/><br \/>\nFreies WLAN f\u00fcr Protestierende<\/p>\n<p><a href=\"https:\/\/de.wikipedia.org\/wiki\/Darja_Domratschawa\" rel=\"noopener noreferrer\" target=\"_blank\">Darja Domratschewa<\/a> ist die wohl auch bei uns bekannteste ehemalige Sportlerin aus Belarus, die u.a. viermal Gold bei Olympischen Winterspielen im Biathlon gewann. Sie ist mit dem &#8218;K\u00f6nig&#8216; der Biathleten, dem Norweger <a href=\"https:\/\/de.wikipedia.org\/wiki\/Ole_Einar_Bj%C3%B8rndalen\" rel=\"noopener noreferrer\" target=\"_blank\">Ole Einar Bj\u00f8rndalen<\/a>, verheiratet. Sie war das Aush\u00e4ngeschild des belarusischen Sports und wurde so besonders <a href=\"https:\/\/deu.belta.by\/president\/view\/richtige-und-mutige-menschen-lukaschenko-ehrt-olympiasportler-35814-2018\/\" rel=\"noopener noreferrer\" target=\"_blank\">von Lukaschenko hofiert<\/a>, der u.a. auch Pr\u00e4sident des Nationalen Olympischen Komitees von Belarus ist.<\/p>\n<p>Nun geschah am Sonntag etwas, was h\u00e4tte nicht geschehen d\u00fcrfen. Der \u00e4ltere Bruder von Darja Domratschewa, <a href=\"https:\/\/scorum.com\/en-us\/wintersports\/@dzmitry\/domracheva-s-brother-bjorndalen-s-brother-in-law-arrested-in-belarus\" rel=\"noopener noreferrer\" target=\"_blank\">Nikita Domratschew, wurde von Lukaschenkos Schergen<\/a> von seinem Rad gerissen, brutal geschlagen und dann verhaftet, obwohl er an den Protesten nicht teilnahm. Eigentlich wollte er nur sein Fahrrad wieder haben. Dabei erlitt er u.a. schwere Kopfverletzungen.<\/p>\n<p><iframe loading=\"lazy\" width=\"560\" height=\"315\" src=\"https:\/\/www.youtube.com\/embed\/50halh3jRvg\" frameborder=\"0\" allow=\"accelerometer; autoplay; clipboard-write; encrypted-media; gyroscope; picture-in-picture\" allowfullscreen><\/iframe><br \/>\nNikita Domratschew, Bruder von Darja Domratschewa, wird verhaftet<\/p>\n<p>Darja Domratschewa hat sich bisher eher zur\u00fcckhaltend ge\u00e4u\u00dfert. Auch jetzt reagierte sie leider viel zu vorsichtig. Es w\u00e4re sinnvoll, wenn sie ich direkt an Lukaschenko wenden w\u00fcrde. Hat sie etwas zu verlieren?<\/p>\n<p>Lukaschenko klebt weiterhin an seiner Macht. Das Treffen mit den inhaftierten Oppositionellen diente doch nur dazu, eine vermeintliche Gespr\u00e4chsbereitschaft zu zeigen: &#8218;Seht, ich bin zu Gespr\u00e4chen bereit. Aber die wollen nicht und gehen weiterhin auf die Stra\u00dfe!&#8216; Und so werden seine Schl\u00e4gertrupps und Folterknechte immer brutaler. Selbst vor Unbeteiligten wird nicht Halt gemacht, wie der Fall Nikita Domratschew zeigt. Und viele f\u00fcrchten inzwischen, dass Lukaschenko auch vor dem Gebrauch von Waffen nicht zur\u00fcckschreckt. <\/p>\n<p>Eine junge Frau bringt es mit einem Plakat, das sie den Schl\u00e4gern Lukaschenkos entgegen h\u00e4lt, auf den Punkt. Dort steht auf Belarusisch (Wei\u00dfrussisch):<\/p>\n<p>&#8222;\u041a\u0430\u043b\u0456 \u043d\u0435\u0441\u043f\u0440\u0430\u0432\u044f\u0434\u043b\u0456\u0432\u0430\u0441\u0446\u044c \u0440\u043e\u0431\u0456\u0446\u0446\u0430 \u0437\u0430\u043a\u043e\u043d\u0430\u043c, \u0441\u0443\u043f\u0440\u0430\u0446\u0456\u045e \u0440\u043e\u0431\u0456\u0446\u0446\u0430 \u0430\u0431\u0430\u0432\u044f\u0437\u043a\u0430\u043c&#8220; &#8211; <strong>&#8222;Wenn Ungerechtigkeit zum Gesetz wird, wird Widerstand zur Pflicht.&#8220;<\/strong><\/p>\n","protected":false},"excerpt":{"rendered":"<p>Da gibt es die Unruhen in Kirgistan, in Chabarowsk finden seit Wochen Anti-Kreml-Proteste statt. Der Streit um Bergkarabach zwischen Armenien und Aserbaidschan hat einen neuen H\u00f6hepunkt in den kriegerischen Auseinandersetzungen erreicht. Und in den USA werden weiterhin Schwarze von Polizisten und rechtsextremistischen Trump-Anh\u00e4ngern get\u00f6tet (Black lives matter!) In was f\u00fcr einer Welt leben wir? Und &hellip; <a href=\"https:\/\/willizblog.de\/?p=11135\" class=\"more-link\"><span class=\"screen-reader-text\">&#8222;Wenn Ungerechtigkeit zum Gesetz wird, wird Widerstand zur Pflicht.&#8220;<\/span> weiterlesen <span class=\"meta-nav\">&rarr;<\/span><\/a><\/p>\n","protected":false},"author":1,"featured_media":0,"comment_status":"open","ping_status":"open","sticky":false,"template":"","format":"standard","meta":[],"categories":[20],"tags":[],"_links":{"self":[{"href":"https:\/\/willizblog.de\/index.php?rest_route=\/wp\/v2\/posts\/11135"}],"collection":[{"href":"https:\/\/willizblog.de\/index.php?rest_route=\/wp\/v2\/posts"}],"about":[{"href":"https:\/\/willizblog.de\/index.php?rest_route=\/wp\/v2\/types\/post"}],"author":[{"embeddable":true,"href":"https:\/\/willizblog.de\/index.php?rest_route=\/wp\/v2\/users\/1"}],"replies":[{"embeddable":true,"href":"https:\/\/willizblog.de\/index.php?rest_route=%2Fwp%2Fv2%2Fcomments&post=11135"}],"version-history":[{"count":0,"href":"https:\/\/willizblog.de\/index.php?rest_route=\/wp\/v2\/posts\/11135\/revisions"}],"wp:attachment":[{"href":"https:\/\/willizblog.de\/index.php?rest_route=%2Fwp%2Fv2%2Fmedia&parent=11135"}],"wp:term":[{"taxonomy":"category","embeddable":true,"href":"https:\/\/willizblog.de\/index.php?rest_route=%2Fwp%2Fv2%2Fcategories&post=11135"},{"taxonomy":"post_tag","embeddable":true,"href":"https:\/\/willizblog.de\/index.php?rest_route=%2Fwp%2Fv2%2Ftags&post=11135"}],"curies":[{"name":"wp","href":"https:\/\/api.w.org\/{rel}","templated":true}]}}