{"id":11146,"date":"2020-10-23T16:54:12","date_gmt":"2020-10-23T16:54:12","guid":{"rendered":"https:\/\/willizblog.de\/?p=11146"},"modified":"2020-10-23T16:54:12","modified_gmt":"2020-10-23T16:54:12","slug":"saschas-unglaubliche-aura","status":"publish","type":"post","link":"https:\/\/willizblog.de\/?p=11146","title":{"rendered":"Saschas unglaubliche &#8218;Aura&#8216;"},"content":{"rendered":"<p>Am Wochenende erreicht die Lage in Belarus einen Punkt, der f\u00fcr die weitere Entwicklung ma\u00dfgebend sein k\u00f6nnte. Das <a href=\"https:\/\/willizblog.de\/?p=11135\" rel=\"noopener noreferrer\" target=\"_blank\">Ultimatum von Swetlana Tichanowskaja<\/a>, der Pr\u00e4sidentschaftskandidatin der Opposition, l\u00e4uft am Sonntag aus. Darin forderte sie:<\/p>\n<p>1. Lukaschenko muss seinen R\u00fccktritt bekannt geben<br \/>\n2. Gewalt auf den Stra\u00dfen muss vollst\u00e4ndig aufh\u00f6ren<br \/>\n3. Alle politischen Gefangenen m\u00fcssen freigelassen werden<\/p>\n<p>Ansonsten soll es vermehrt Streiks im Lande geben. Ob das Ultimatum so sinnvoll ist, mag ich zu bezweifelt. Immerhin hei\u00dft es, dass den Arbeitern erster Betriebe eine Lohnerh\u00f6hung versprochen wurde, was zeigt, dass die Staatsf\u00fchrung unter Lukaschenko &#8218;kalte F\u00fc\u00dfe&#8216; bekommt, oder?<\/p>\n<p>Apropos: Lukaschenko und Swetlana Tichanowskaja, die gezwungenerma\u00dfen nach Litauen ausreisen musste. Angeblich bat sie <em>Sascha<\/em> (Alexander Lukaschenko) mit Tr\u00e4nen in den Augen in seinem Arm liegend um die Ausreise und um 15.000 Dollar &#8218;Reisegeld\u201c. Und auch <a href=\"https:\/\/de.wikipedia.org\/wiki\/Sjarhej_Zichanouski\" rel=\"noopener noreferrer\" target=\"_blank\">Sergei Tichanowski<\/a>, Swetlanas Ehemann und vormals Pr\u00e4sidentschaftskandidat, bevor er Ende Mai verhaftet wurde, der mit anderen inhaftierten Vertretern der Opposition zu dem omin\u00f6sen Gespr\u00e4ch mit Sascha geladen war, soll sich, nachdem er sich  angeblich &#8218;ungeh\u00f6rig&#8216; gegen Lukaschenko ge\u00e4u\u00dfert hatte, von der &#8218;Aura&#8216; des Pr\u00e4sidenten beruhigt worden sein. Eher ist er von dem stundenlangen Geschwafel Lukaschenkos in Tiefschlaf gefallen.<\/p>\n<p><img src=\"https:\/\/www.willizblog.de\/pics\/lukaschenko_stich.jpg\" alt=\"Lukaschenko hat einen Stich\" title=\"Lukaschenko hat einen Stich\" \/><br \/>\nLukaschenko hat einen Stich<\/p>\n<p>Am Sonntag sollten auch die &#8218;Anh\u00e4nger&#8216; Lukaschenkos Flagge zeigen. Angeblich wusste Lukaschenko nichts von der Kundgebung zu seiner Unterst\u00fctzung. Und als er es herausfand, sprach er sich aus Sicherheitsgr\u00fcnden dagegen aus. F\u00fcr ihn gen\u00fcgt es zu sagen, dass &#8222;etwa 250-300 Tausend&#8220; seiner &#8218;Anh\u00e4nger&#8216; gekommen w\u00e4ren. Warum 300.000 und nicht 3 Millionen?! &#8211; Oder 30 Millionen? Ach, so viele Einwohner hat Belarus ja nicht &#8230;<\/p>\n<p>Nat\u00fcrlich gibt es Bef\u00fcrworter f\u00fcr Lukaschenko. Das Problem ist aber, dass die Medien in Belarus mittlerweile komplett gleichgeschaltet sind, und wenn man nicht explizit im Internet sucht, nur noch mit Propaganda gef\u00fcttert wird. Gerade die Leute vom Dorf und die Rentner sind davon am meisten betroffen.<\/p>\n<p>Aber von wegen Rentner: Da gibt es z.B. die 73-j\u00e4hrige Nina Baginskaja oder die 82-j\u00e4hrige Zoya Nikolaevna, die beide keinen Minsker Protestmarsch auslassen. Besonders <a href=\"https:\/\/www.spiegel.de\/politik\/ausland\/belarus-wie-eine-urgrossmutter-zur-protest-ikone-wurde-a-00000000-0002-0001-0000-000173548933\" rel=\"noopener noreferrer\" target=\"_blank\">Nina Baginskaja<\/a> ist zum Inbegriff des Protestes gegen das Regime in Minsk geworden.<\/p>\n<p><iframe loading=\"lazy\" width=\"560\" height=\"305\" src=\"https:\/\/www.youtube.com\/embed\/TTbNw5OVIGY\" frameborder=\"0\" allow=\"accelerometer; autoplay; clipboard-write; encrypted-media; gyroscope; picture-in-picture\" allowfullscreen><\/iframe><br \/>\n<a href=\"https:\/\/www.youtube.com\/watch?v=TTbNw5OVIGY\" rel=\"noopener noreferrer\" target=\"_blank\">Marsch der Rentner<\/a><\/p>\n<p>Wenn es nicht so ernst w\u00e4re, m\u00fcssten wir lachen! Denn bei den Protesten von August bis September 2020 wurden in Minsk mindestens 1.376 Menschen von Sicherheitskr\u00e4ften verletzt. Jeder Dritte wurde schwer verletzt. Es gab mindestens drei F\u00e4lle sexueller Gewalt, eine der Vergewaltigten war minderj\u00e4hrig.<\/p>\n<p>Die Beh\u00f6rden sind daran interessiert, die Proteste zu radikalisieren: Die Geschichten von den von  Demonstranten verletzten Bereitschaftspolizei, besch\u00e4digte und verbrannte Autos von Polizisten und staatlichen Medien, Angriffe mit Molotow-Cocktails auf staatliche Institutionen usw. sind Lieblingsthemen regierungsnaher Journalisten. <em>Schauen Sie, wie der Protest radikalisiert wird, dieser ist alles andere als friedlich &#8211; Militante und Kriminelle gehen durch die Stra\u00dfen!<\/em><\/p>\n<p>Der erste stellvertretende Innenminister von Belarus, Gennadi Kasakewitsch, erkl\u00e4rte: In dieser Hinsicht sind die Sicherheitsbeh\u00f6rden bereit, erforderlichenfalls Spezialausr\u00fcstung und Milit\u00e4rwaffen einzusetzen. Nach dem stellvertretenden Innenminister erkl\u00e4rte Mikalai Karpiankou (Karpenkow), GUBOPiK-Chef (auch GUBAZIK &#8211;  Sondereinheit gegen organisiertes Verbrechen und Korruption) seine Bereitschaft, auf Zivilisten zu schie\u00dfen: \u201eWenn sie sich widersetzen, werden wir Waffen einsetzen.\u201c Das ist der Mann, der gern auch mal <a href=\"https:\/\/twitter.com\/hannaliubakova\/status\/1302661519403032578\" rel=\"noopener noreferrer\" target=\"_blank\">pers\u00f6nlich mithilft<\/a>, um z.B. die Glast\u00fcren eines Caf\u00e9s zu zertr\u00fcmmern. Nach seiner Meinung sind die Demonstranten \u201eBanditen, Terroristen und Schl\u00e4ger\u201c, die von Verschw\u00f6rern und Koordinatoren aus dem Westen angef\u00fchrt werden. Sie sind mit Messern, Molotow-Cocktails, Metallstangen u.v.m. bewaffnet. Die Polizei war nicht die erste, die Gewalt anwendete. Sie reagierten nur auf Aggressionen. Die Polizei setze moderate Gewalt gegen &#8222;\u00fcberhaupt nicht friedliche Demonstranten&#8220; ein. Und weiteres an hirnrissigen Anschuldigungen.<\/p>\n<p><img src=\"https:\/\/www.willizblog.de\/pics\/gubazik_chef_mikalai_karpyankou.jpg\" alt=\"Mikalai Karpiankou (Karpenkow), Chef der Sondereinheit gegen organisiertes Verbrechen und Korruption, im 'Einsatz'\" title=\"Mikalai Karpiankou (Karpenkow), Chef der Sondereinheit gegen organisiertes Verbrechen und Korruption, im 'Einsatz'\" \/><br \/>\nMikalai Karpiankou (Karpenkow), Chef der Sondereinheit gegen organisiertes Verbrechen und Korruption, im &#8218;Einsatz&#8216;<\/p>\n<p>Und da gibt es viele Nadelstiche der Beh\u00f6rden: Anw\u00e4lte, die die inhaftierten Regierungsgegner vertreten, verlieren ihre Zulassung. Gefangene, die nur donnerstags von ihren Verwandten mit Kleidung und Lebensmittel versorgt werden d\u00fcrfen, werden noch am Donnerstagmorgen in andere Gef\u00e4ngnisse verlegt. Rektoren mehrerer Universit\u00e4ten in Minsk wurden entlassen und durch &#8218;lilientreue&#8216; Beamte ersetzt, weil sie ihre Studenten nicht &#8218;in Zaum halten&#8216; k\u00f6nnen.<\/p>\n<p>Belarus gibt als <a href=\"https:\/\/de.wikipedia.org\/wiki\/Silicon_Valley\" rel=\"noopener noreferrer\" target=\"_blank\">Silicon Valley<\/a> des Ostens. Inzwischen sollen bereits 45 % aller belarusischen <a href=\"https:\/\/de.wikipedia.org\/wiki\/Silicon_Valley\" rel=\"noopener noreferrer\" target=\"_blank\">Start-up-Unternehmen<\/a> entschieden haben, dem Land den R\u00fccken zu kehren. Darunter auch viele IT-Firmen. Schon jetzt erleidet Belarus schwere wirtschaftliche Verluste.<\/p>\n<p>\u00dcberhaupt das Geld: Nur hier kann man Lukaschenko und seinen Getreuen beikommen: Es steht wohl au\u00dfer Frage, dass dieses Gesindel sein Geld im westlichen Ausland angelegt hat. Da ist z.B. eine Tochter von Lukaschenko, die ihre Gelder in einem Immobilienunternehmen auf Zypern investiert hat. Es helfen so nur strikte Sanktionen \u2013 auch gegen die Familienmitglieder. Die Gelder m\u00fcssen eingefroren werden (am besten eingezogen und sp\u00e4ter dem belarusischem Volk, dem sie gestohlen wurden, zur\u00fcckgegeben werden). Die EU reagiert nur halbherzig auf die brutale Gewalt. Da ist die Vergabe des <a href=\"https:\/\/de.wikipedia.org\/wiki\/Sacharow-Preis\" rel=\"noopener noreferrer\" target=\"_blank\">Sacharow-Preises<\/a> durch das Europ\u00e4ischen Parlament an die demokratische Opposition in Belarus, repr\u00e4sentiert durch den Koordinierungsrat, nur ein Tropfen auf dem hei\u00dfen Stein.<\/p>\n","protected":false},"excerpt":{"rendered":"<p>Am Wochenende erreicht die Lage in Belarus einen Punkt, der f\u00fcr die weitere Entwicklung ma\u00dfgebend sein k\u00f6nnte. Das Ultimatum von Swetlana Tichanowskaja, der Pr\u00e4sidentschaftskandidatin der Opposition, l\u00e4uft am Sonntag aus. Darin forderte sie: 1. Lukaschenko muss seinen R\u00fccktritt bekannt geben 2. Gewalt auf den Stra\u00dfen muss vollst\u00e4ndig aufh\u00f6ren 3. Alle politischen Gefangenen m\u00fcssen freigelassen werden &hellip; <a href=\"https:\/\/willizblog.de\/?p=11146\" class=\"more-link\"><span class=\"screen-reader-text\">Saschas unglaubliche &#8218;Aura&#8216;<\/span> weiterlesen <span class=\"meta-nav\">&rarr;<\/span><\/a><\/p>\n","protected":false},"author":1,"featured_media":0,"comment_status":"open","ping_status":"open","sticky":false,"template":"","format":"standard","meta":[],"categories":[20],"tags":[],"_links":{"self":[{"href":"https:\/\/willizblog.de\/index.php?rest_route=\/wp\/v2\/posts\/11146"}],"collection":[{"href":"https:\/\/willizblog.de\/index.php?rest_route=\/wp\/v2\/posts"}],"about":[{"href":"https:\/\/willizblog.de\/index.php?rest_route=\/wp\/v2\/types\/post"}],"author":[{"embeddable":true,"href":"https:\/\/willizblog.de\/index.php?rest_route=\/wp\/v2\/users\/1"}],"replies":[{"embeddable":true,"href":"https:\/\/willizblog.de\/index.php?rest_route=%2Fwp%2Fv2%2Fcomments&post=11146"}],"version-history":[{"count":0,"href":"https:\/\/willizblog.de\/index.php?rest_route=\/wp\/v2\/posts\/11146\/revisions"}],"wp:attachment":[{"href":"https:\/\/willizblog.de\/index.php?rest_route=%2Fwp%2Fv2%2Fmedia&parent=11146"}],"wp:term":[{"taxonomy":"category","embeddable":true,"href":"https:\/\/willizblog.de\/index.php?rest_route=%2Fwp%2Fv2%2Fcategories&post=11146"},{"taxonomy":"post_tag","embeddable":true,"href":"https:\/\/willizblog.de\/index.php?rest_route=%2Fwp%2Fv2%2Ftags&post=11146"}],"curies":[{"name":"wp","href":"https:\/\/api.w.org\/{rel}","templated":true}]}}