{"id":11168,"date":"2020-11-10T16:19:23","date_gmt":"2020-11-10T16:19:23","guid":{"rendered":"https:\/\/willizblog.de\/?p=11168"},"modified":"2020-11-10T16:23:24","modified_gmt":"2020-11-10T16:23:24","slug":"willis-plaudereien-10-der-uebliche-verrat-der-huelle-am-inhalt","status":"publish","type":"post","link":"https:\/\/willizblog.de\/?p=11168","title":{"rendered":"Willis Plaudereien (10): Der \u00fcbliche Verrat der H\u00fclle am Inhalt"},"content":{"rendered":"<ul><em>Seit ein paar Jahren, ungef\u00e4hr seit Mitte vierzig, fiel mir das auf, na ja, der \u00fcbliche Verrat der H\u00fclle am Inhalt, graue Haare, Fett, das nicht mehr ablaufen kann, Ohrenhaare, die offenbar mit den Nasenhaaren zu korrespondieren beabsichtigen, aber die sind ja noch ganz lustig, trockene, schuppige Echsenhaut, dann gehen mir die Haupthaare aus, das hei\u00dft, ihre Produktionsst\u00e4tten ver\u00f6den, werden aufgegeben, jemand Zust\u00e4ndiger ist unentschuldigt weggegangen<\/em>.<\/ul>\n<ul><a href=\"https:\/\/de.wikipedia.org\/wiki\/Tex_Rubinowitz\">Tex Rubinowitz<\/a>: <a target=\"_blank\" href=\"https:\/\/www.amazon.de\/gp\/product\/3499290596\/ref=as_li_tl?ie=UTF8&#038;camp=1638&#038;creative=6742&#038;creativeASIN=3499290596&#038;linkCode=as2&#038;tag=familiealbin-21&#038;linkId=27f5ed4974e1ad3668bd3fee6abf6651\" rel=\"noopener noreferrer\">Lass mich nicht allein mit ihr<\/a><img loading=\"lazy\" src=\"\/\/ir-de.amazon-adsystem.com\/e\/ir?t=familiealbin-21&#038;l=am2&#038;o=3&#038;a=3499290596\" width=\"1\" height=\"1\" border=\"0\" alt=\"\" style=\"border:none !important; margin:0px !important;\" \/><\/ul>\n<p><img src=\"https:\/\/www.willizblog.de\/pics\/willi_mit_helm_2019_idar_obersteingruen.jpg\" alt=\"Willi mit Helm in gr\u00fcn (Edelsteinminen Idar-Oberstein Juli 2019)\" title=\"Willi mit Helm in gr\u00fcn (Edelsteinminen Idar-Oberstein Juli 2019)\" \/><br \/>\nWilli mit Helm in gr\u00fcn (Edelsteinminen Idar-Oberstein Juli 2019)<\/p>\n<p>Bei <em>Herrn Rubinowitz<\/em> ist der Zeitpunkt die Mitte der vierziger Jahre, da er erkannt hat, dass es mit der H\u00fclle nicht mehr ganz zum Besten bestellt ist. Ha, junger Mann, komm erst einmal in mein Alter, wenn die Z\u00e4hne zu wackeln beginnen, die Knochen morsch werden oder die Augen stumpf. Das ist dann l\u00e4ngst kein Verrat mehr, <strong>das ist Sabotage!<\/strong><\/p>\n","protected":false},"excerpt":{"rendered":"<p>Seit ein paar Jahren, ungef\u00e4hr seit Mitte vierzig, fiel mir das auf, na ja, der \u00fcbliche Verrat der H\u00fclle am Inhalt, graue Haare, Fett, das nicht mehr ablaufen kann, Ohrenhaare, die offenbar mit den Nasenhaaren zu korrespondieren beabsichtigen, aber die sind ja noch ganz lustig, trockene, schuppige Echsenhaut, dann gehen mir die Haupthaare aus, das &hellip; <a href=\"https:\/\/willizblog.de\/?p=11168\" class=\"more-link\"><span class=\"screen-reader-text\">Willis Plaudereien (10): Der \u00fcbliche Verrat der H\u00fclle am Inhalt<\/span> weiterlesen <span class=\"meta-nav\">&rarr;<\/span><\/a><\/p>\n","protected":false},"author":1,"featured_media":0,"comment_status":"open","ping_status":"open","sticky":false,"template":"","format":"standard","meta":[],"categories":[18,30],"tags":[],"_links":{"self":[{"href":"https:\/\/willizblog.de\/index.php?rest_route=\/wp\/v2\/posts\/11168"}],"collection":[{"href":"https:\/\/willizblog.de\/index.php?rest_route=\/wp\/v2\/posts"}],"about":[{"href":"https:\/\/willizblog.de\/index.php?rest_route=\/wp\/v2\/types\/post"}],"author":[{"embeddable":true,"href":"https:\/\/willizblog.de\/index.php?rest_route=\/wp\/v2\/users\/1"}],"replies":[{"embeddable":true,"href":"https:\/\/willizblog.de\/index.php?rest_route=%2Fwp%2Fv2%2Fcomments&post=11168"}],"version-history":[{"count":0,"href":"https:\/\/willizblog.de\/index.php?rest_route=\/wp\/v2\/posts\/11168\/revisions"}],"wp:attachment":[{"href":"https:\/\/willizblog.de\/index.php?rest_route=%2Fwp%2Fv2%2Fmedia&parent=11168"}],"wp:term":[{"taxonomy":"category","embeddable":true,"href":"https:\/\/willizblog.de\/index.php?rest_route=%2Fwp%2Fv2%2Fcategories&post=11168"},{"taxonomy":"post_tag","embeddable":true,"href":"https:\/\/willizblog.de\/index.php?rest_route=%2Fwp%2Fv2%2Ftags&post=11168"}],"curies":[{"name":"wp","href":"https:\/\/api.w.org\/{rel}","templated":true}]}}