{"id":1117,"date":"2008-03-01T00:09:13","date_gmt":"2008-02-29T22:09:13","guid":{"rendered":"http:\/\/www.albinz.de\/blog\/?p=1117"},"modified":"2008-02-28T20:11:21","modified_gmt":"2008-02-28T18:11:21","slug":"suzanne-vega-luka-live","status":"publish","type":"post","link":"https:\/\/willizblog.de\/?p=1117","title":{"rendered":"Suzanne Vega: Luka (live)"},"content":{"rendered":"<p>Es gibt Lieder, die bestechen durch schlichte Melodi\u00f6sit\u00e4t. So wie ein Lied von <a href=\"https:\/\/de.wikipedia.org\/wiki\/Suzanne_Vega\" target=\"_blank\">Suzanne Vega<\/a>, das mich von Anfang an verzaubert hat: <em>Luka<\/em>. Der Text ist ebenso einfach, da aus der Sicht eines kleinen Jungen geschrieben, ein Lied zum Thema Kindesmissbrauch bzw. Gewalt gegen Kinder. Wenn man einen Sohn hat, der Lukas hei\u00dft (wenn auch nicht Luka), so ber\u00fchrt einen ein solches Lied doppelt. Von dem Lied gibt es eine sch\u00f6ne Lifeaufnahme:<\/p>\n<p><object width=\"425\" height=\"355\"><param name=\"movie\" value=\"https:\/\/www.youtube.com\/v\/IQ0L7O_khbs&#038;rel=1\"><\/param><param name=\"wmode\" value=\"transparent\"><\/param><embed src=\"https:\/\/www.youtube.com\/v\/IQ0L7O_khbs&#038;rel=1\" type=\"application\/x-shockwave-flash\" wmode=\"transparent\" width=\"425\" height=\"355\"><\/embed><\/object><br \/>\nSuzanne Vega &#8211; Luka [LIVE]<\/p>\n<p><strong>&#8222;Luka&#8220;<\/strong><\/p>\n<p><em>My name is Luka<br \/>\nI live on the second floor<br \/>\nI live upstairs from you<br \/>\nYes I think you&#8217;ve seen me before<\/em><\/p>\n<p><em>If you hear something late at night<br \/>\nSome kind of trouble. some kind of fight<br \/>\nJust don&#8217;t ask me what it was<br \/>\nJust don&#8217;t ask me what it was<br \/>\nJust don&#8217;t ask me what it was<\/em><\/p>\n<p><em>I think it&#8217;s because I&#8217;m clumsy<br \/>\nI try not to talk too loud<br \/>\nMaybe it&#8217;s because I&#8217;m crazy<br \/>\nI try not to act too proud<\/em><\/p>\n<p><em>They only hit until you cry<br \/>\nAnd after that you don&#8217;t ask why<br \/>\nYou just don&#8217;t argue anymore<br \/>\nYou just don&#8217;t argue anymore<br \/>\nYou just don&#8217;t argue anymore<\/em><\/p>\n<p><em>Yes I think I&#8217;m okay<br \/>\nI walked into the door again<br \/>\nWell, if you ask that&#8217;s what I&#8217;ll say<br \/>\nAnd it&#8217;s not your business anyway<br \/>\nI guess I&#8217;d like to be alone<br \/>\nWith nothing broken, nothing thrown<\/em><\/p>\n<p><em>Just don&#8217;t ask me how I am [X3]<\/em><\/p>\n<p>siehe auch meinen Beitrag: <a href=\"https:\/\/www.willizblog.de\/?p=880\" target=\"_blank\">Neues f\u00fcr WilliZ Jukebox &#8211; Juni 2007<\/a><\/p>\n","protected":false},"excerpt":{"rendered":"<p>Es gibt Lieder, die bestechen durch schlichte Melodi\u00f6sit\u00e4t. So wie ein Lied von Suzanne Vega, das mich von Anfang an verzaubert hat: Luka. Der Text ist ebenso einfach, da aus der Sicht eines kleinen Jungen geschrieben, ein Lied zum Thema Kindesmissbrauch bzw. Gewalt gegen Kinder. Wenn man einen Sohn hat, der Lukas hei\u00dft (wenn auch &hellip; <a href=\"https:\/\/willizblog.de\/?p=1117\" class=\"more-link\"><span class=\"screen-reader-text\">Suzanne Vega: Luka (live)<\/span> weiterlesen <span class=\"meta-nav\">&rarr;<\/span><\/a><\/p>\n","protected":false},"author":1,"featured_media":0,"comment_status":"open","ping_status":"closed","sticky":false,"template":"","format":"standard","meta":[],"categories":[31],"tags":[],"_links":{"self":[{"href":"https:\/\/willizblog.de\/index.php?rest_route=\/wp\/v2\/posts\/1117"}],"collection":[{"href":"https:\/\/willizblog.de\/index.php?rest_route=\/wp\/v2\/posts"}],"about":[{"href":"https:\/\/willizblog.de\/index.php?rest_route=\/wp\/v2\/types\/post"}],"author":[{"embeddable":true,"href":"https:\/\/willizblog.de\/index.php?rest_route=\/wp\/v2\/users\/1"}],"replies":[{"embeddable":true,"href":"https:\/\/willizblog.de\/index.php?rest_route=%2Fwp%2Fv2%2Fcomments&post=1117"}],"version-history":[{"count":0,"href":"https:\/\/willizblog.de\/index.php?rest_route=\/wp\/v2\/posts\/1117\/revisions"}],"wp:attachment":[{"href":"https:\/\/willizblog.de\/index.php?rest_route=%2Fwp%2Fv2%2Fmedia&parent=1117"}],"wp:term":[{"taxonomy":"category","embeddable":true,"href":"https:\/\/willizblog.de\/index.php?rest_route=%2Fwp%2Fv2%2Fcategories&post=1117"},{"taxonomy":"post_tag","embeddable":true,"href":"https:\/\/willizblog.de\/index.php?rest_route=%2Fwp%2Fv2%2Ftags&post=1117"}],"curies":[{"name":"wp","href":"https:\/\/api.w.org\/{rel}","templated":true}]}}