{"id":1119,"date":"2008-03-03T00:03:45","date_gmt":"2008-03-02T22:03:45","guid":{"rendered":"http:\/\/www.albinz.de\/blog\/?p=1119"},"modified":"2008-03-02T16:05:21","modified_gmt":"2008-03-02T14:05:21","slug":"die-gustloff-war-nicht-ihr-schicksal","status":"publish","type":"post","link":"https:\/\/willizblog.de\/?p=1119","title":{"rendered":"Die Gustloff war nicht ihr Schicksal"},"content":{"rendered":"<p>Im Januar 1945 befand sich mein Vater mit meiner schwangeren Mutter und meiner Schwester, die 1943 in K\u00f6nigsberg, dem heutigen Kaliningrad, geboren wurde, auf dem Weg Richtung <a href=\"https:\/\/de.wikipedia.org\/wiki\/Gdynia\" target=\"_blank\">Gdingen (heute: Gdynia)<\/a>, das die Nazis nach der Besetzung Polens 1939 in Gotenhafen umbenannt hatten. Er wollte Frau und Kind in die \u201eWilhelm Gustloff\u201c einschiffen, um beide m\u00f6glichst schnell gen Westen bringen zu lassen. Selbst an Bord zu gehen, wagte er nicht, da er bef\u00fcrchtete als  Deserteur verhaftet zu werden. Er galt immer noch als Wehrmachtsangeh\u00f6riger, obwohl er als Sanit\u00e4tsfeldwebel im Feldzug gegen Russland ein Bein verloren hatte. Meine Mutter weigerte sich aber, meinen Vater allein zu lassen. Und so zogen meine Eltern auf dem Landweg weiter in den Westen.<\/p>\n<p>W\u00e4re meine Mutter an Bord der \u201eGustloff\u201c gegangen, dann w\u00e4ren sie und meine Schwester mit Sicherheit elendig in den eiskalten Fluten der Ostsee ums Leben gekommen \u2013 und mich h\u00e4tte es nie gegeben.<\/p>\n<p><img src=\"https:\/\/www.willizblog.de\/blogpicts\/gustloff.jpg\" alt=\"Die \"Wilhelm Gustloff\"\" \/><\/p>\n<p>In einem historischen Zweiteiler unter der Regie von Joseph Vilsmaier zeigt das ZDF am 2. und 3. M\u00e4rz um 20.15 Uhr die tragische Geschichte der &#8222;Wilhelm Gustloff&#8220;. Am 30. Januar 1945 war das Schiff mit tausenden Fl\u00fcchtlingen und Soldaten an Bord von einem sowjetischen U-Boot torpediert worden. Heute also der 2. Teil.<\/p>\n<p>Der Untergang der \u201eGustloff\u201c gilt als das gr\u00f6\u00dfte Schiffsungl\u00fcck der Geschichte: Im Januar 1945 sinkt das mit zahllosen Fl\u00fcchtlingen besetzte Schiff &#8222;Wilhelm Gustloff&#8220;; rund 9000 Menschen sterben in den eisigen Fluten der Ostsee.<\/p>\n<p>Mein Vater gei\u00dfelte die Torpedierung der \u201eWilhelm Gustloff\u201c als schweres Kriegsverbrechen gegen Zivilisten. Ich selbst m\u00f6chte mich einer Bewertung enthalten, aber: Das Schiff war zu dieser Zeit als schwimmende Kaserne grau angestrichen und nicht wei\u00df, wie es f\u00fcr \u201eneutrale Boote\u201d vorgeschrieben war. Zudem waren Flakgesch\u00fctze an Deck. So muss die \u201eWilhelm Gustloff\u201c nach V\u00f6lkerrecht als Kriegsschiff gegolten haben.<\/p>\n<p>Siehe zdf.de: <a href=\"http:\/\/gustloff.zdf.de\/ZDFde\/inhalt\/11\/0,1872,7131083,00.html\" target=\"_blank\">Die Gustloff<\/a><\/p>\n","protected":false},"excerpt":{"rendered":"<p>Im Januar 1945 befand sich mein Vater mit meiner schwangeren Mutter und meiner Schwester, die 1943 in K\u00f6nigsberg, dem heutigen Kaliningrad, geboren wurde, auf dem Weg Richtung Gdingen (heute: Gdynia), das die Nazis nach der Besetzung Polens 1939 in Gotenhafen umbenannt hatten. Er wollte Frau und Kind in die \u201eWilhelm Gustloff\u201c einschiffen, um beide m\u00f6glichst &hellip; <a href=\"https:\/\/willizblog.de\/?p=1119\" class=\"more-link\"><span class=\"screen-reader-text\">Die Gustloff war nicht ihr Schicksal<\/span> weiterlesen <span class=\"meta-nav\">&rarr;<\/span><\/a><\/p>\n","protected":false},"author":1,"featured_media":0,"comment_status":"open","ping_status":"closed","sticky":false,"template":"","format":"standard","meta":[],"categories":[13,20],"tags":[],"_links":{"self":[{"href":"https:\/\/willizblog.de\/index.php?rest_route=\/wp\/v2\/posts\/1119"}],"collection":[{"href":"https:\/\/willizblog.de\/index.php?rest_route=\/wp\/v2\/posts"}],"about":[{"href":"https:\/\/willizblog.de\/index.php?rest_route=\/wp\/v2\/types\/post"}],"author":[{"embeddable":true,"href":"https:\/\/willizblog.de\/index.php?rest_route=\/wp\/v2\/users\/1"}],"replies":[{"embeddable":true,"href":"https:\/\/willizblog.de\/index.php?rest_route=%2Fwp%2Fv2%2Fcomments&post=1119"}],"version-history":[{"count":0,"href":"https:\/\/willizblog.de\/index.php?rest_route=\/wp\/v2\/posts\/1119\/revisions"}],"wp:attachment":[{"href":"https:\/\/willizblog.de\/index.php?rest_route=%2Fwp%2Fv2%2Fmedia&parent=1119"}],"wp:term":[{"taxonomy":"category","embeddable":true,"href":"https:\/\/willizblog.de\/index.php?rest_route=%2Fwp%2Fv2%2Fcategories&post=1119"},{"taxonomy":"post_tag","embeddable":true,"href":"https:\/\/willizblog.de\/index.php?rest_route=%2Fwp%2Fv2%2Ftags&post=1119"}],"curies":[{"name":"wp","href":"https:\/\/api.w.org\/{rel}","templated":true}]}}