{"id":11206,"date":"2020-12-14T11:24:02","date_gmt":"2020-12-14T11:24:02","guid":{"rendered":"https:\/\/willizblog.de\/?p=11206"},"modified":"2020-12-14T11:24:02","modified_gmt":"2020-12-14T11:24:02","slug":"weihnachtsbaum-selbst-geschlagen","status":"publish","type":"post","link":"https:\/\/willizblog.de\/?p=11206","title":{"rendered":"Weihnachtsbaum \u2013 selbst &#8218;geschlagen&#8216;"},"content":{"rendered":"<p>Bei uns geh\u00f6rt es zur Tradition, unseren Weihnachtsbaum selbst zu &#8217;schlagen&#8216;, also zu mit einer S\u00e4ge zu f\u00e4llen. Das ist nat\u00fcrlich kein Problem, denn in unmittelbarer N\u00e4he unserer Wohnortes, gleich hinter Dohren, gibt es mehrere Schonungen, in denen Nordmanntannen und Blaufichten angepflanzt sind. Der Verkauf erfolgt an den Wochenende des 3. und 4. Advents zwischen 10 Uhr und 17 Uhr. Da f\u00fcr die Mitte dieser Woche ein erneuter &#8218;gnadenloser&#8216; Lockdown angek\u00fcndigt war (und nun auch tats\u00e4chlich am Mittwoch, den 16.12. in Kraft tritt) war ich mit meiner Frau bereits gestern zum Weihnachtsbaumschlagen unterwegs (sonst warten wir eigentlich immer auf den 4. Advent) und fanden eine sch\u00f6ne Nordmanntanne auf einer Schonung des <a href=\"https:\/\/weihnachtsbaum-hof-fischer.de\/\" rel=\"noopener noreferrer\" target=\"_blank\">Hofes Fischer<\/a>.<\/p>\n<table border=\"0\" width=\"100%\">\n<tr>\n<td width=\"50%\">\n<p align=\"center\"><img loading=\"lazy\" border=\"0\" src=\"https:\/\/www.willizblog.de\/pics\/tannenbaum2020_schlagen01.jpg\" width=\"270\" height=\"330\"><\/td>\n<td width=\"50%\">\n<p align=\"center\"><img loading=\"lazy\" border=\"0\" src=\"https:\/\/www.willizblog.de\/pics\/tannenbaum2020_schlagen02.jpg\" width=\"270\" height=\"330\"><\/td>\n<\/tr>\n<tr>\n<td width=\"100%\" colspan=\"2\">\n<p align=\"center\"><font face=\"Arial\">Nach getaner Arbeit: Unser<br \/>\n        Weihnachtsbaum 2020 &#8211; selbst geschlagen<\/font><\/td>\n<\/tr>\n<\/table>\n<p>Auf der Website des Hofes Fischer kann ein Gutschein in H\u00f6he von 5 Euro heruntergeladen werden. Zudem sei gesagt, dass der Weihnachtsbaumverkauf vom Lockdown ausgeschlossen ist, also auch am kommenden Wochenende B\u00e4ume geschlagen, ges\u00e4gt und gekauft werden k\u00f6nnen. Nur auf Gl\u00fchwein muss verzichtet werden.<\/p>\n<p>Zur emotionalen Einstimmung auf das Weihnachtsfest hier ein etwas anderes Weihnachtsgedicht vom gro\u00dfen Vicco von B\u00fclow alias <a href=\"https:\/\/willizblog.de\/?s=loriot\" rel=\"noopener noreferrer\" target=\"_blank\">Loriot<\/a>:<\/p>\n<p><strong>Advent<\/strong><\/p>\n<p><em>Es blaut die Nacht, die Sternlein blinken<br \/>\nSchneefl\u00f6cklein leis&#8216; herniedersinken.<br \/>\nAuf Edelt\u00e4nnleins gr\u00fcnem Wipfel<br \/>\nh\u00e4uft sich ein kleiner, wei\u00dfer Zipfel.<br \/>\nUnd dort, vom Fenster her, durchbricht<br \/>\nden dunklen Tann ein warmes Licht.<br \/>\nIm Forsthaus kniet bei Kerzenschimmer<br \/>\ndie F\u00f6rsterin im Herrenzimmer.<br \/>\nIn dieser wundersch\u00f6nen Nacht<br \/>\nhat sie den F\u00f6rster umgebracht.<br \/>\nEr war ihr bei des Heimes Pflege<br \/>\nseit langer Zeit schon sehr im Wege.<br \/>\nDrum kam sie mit sich \u00fcberein:<br \/>\nAm Niklasabend muss es sein.<br \/>\nUnd als das Rehlein ging zur Ruh&#8216;<br \/>\ndas H\u00e4slein tat die Augen zu,<br \/>\nerlegte sie &#8211; direkt von vorn &#8211;<br \/>\nden Gatten \u00fcber Kimm&#8216; und Korn.<br \/>\nVom Knall geweckt r\u00fcmpft nur der Hase<br \/>\nzwei, drei, viermal die Schnuppernase<br \/>\nund ruhet weiter s\u00fc\u00df im Dunkeln<br \/>\nderweil die Sterne traulich funkeln.<br \/>\nUnd in der guten Stube drinnen,<br \/>\nda l\u00e4uft des F\u00f6rsters Blut von hinnen.<br \/>\nNun muss die F\u00f6rsterin sich eilen,<br \/>\nden Gatten sauber zu zerteilen.<br \/>\nSchnell hat sie ihn bis auf die Knochen<br \/>\nnach Waidmannssitte aufgebrochen.<br \/>\nVoll Sorgfalt legt sie Glied auf Glied,<br \/>\nwas der Gemahl bisher vermied,<br \/>\nbeh\u00e4lt ein Teil Filet zur\u00fcck<br \/>\nals festt\u00e4gliches Bratenst\u00fcck<br \/>\nund packt darauf &#8211; es geht auf vier &#8211;<br \/>\ndie Reste in Geschenkpapier.<br \/>\nDa t\u00f6nt&#8217;s von fern wie Silberschellen,<br \/>\nim Dorfe h\u00f6rt man Hunde bellen.<br \/>\nWer ist&#8217;s, der in so sp\u00e4ter Nacht<br \/>\nim Schnee noch seine Runden macht?<br \/>\nKnecht Ruprecht kommt mit goldnem Schlitten<br \/>\nauf einem Hirsch herangeritten.<br \/>\n\u201eHe, gute Frau, habt Ihr noch Sachen,<br \/>\ndie armen Menschen Freude machen?\u201c<br \/>\nDes F\u00f6rsters Haus ist tief verschneit,<br \/>\ndoch seine Frau ist schon bereit:<br \/>\n\u201eDie sechs Pakete, heilger Mann,<br \/>\n&#8217;s ist alles, was ich geben kann.\u201c<br \/>\nDie Silberschellen klingen leise,<br \/>\nKnecht Ruprecht macht sich auf die Reise.<br \/>\nIm F\u00f6rsterhaus die Kerze brennt,<br \/>\nein Sternlein blinkt &#8211; es ist Advent!<\/em><\/p>\n<p><img src=\"https:\/\/www.willizblog.de\/pics\/williz_bremen_loriot.jpg\" alt=\"Willi und Loriots 'Knollennasenm\u00e4nnlein' - \u00a9 Jan Einar Albin\" title=\"Willi und Loriots 'Knollennasenm\u00e4nnlein' - \u00a9 Jan Einar Albin\" \/><br \/>\nWilli und Loriots &#8218;Knollennasenm\u00e4nnlein&#8216; &#8211; \u00a9 Jan Einar Albin<\/p>\n<p>siehe auch:<br \/>\n<a href=\"https:\/\/willizblog.de\/?p=2491\" rel=\"noopener noreferrer\" target=\"_blank\">Weihnachten von A bis Z: U wie \u201eUnter dem Tannenbaum\u201c<\/a><br \/>\n<a href=\"https:\/\/willizblog.de\/?p=5333\" rel=\"noopener noreferrer\" target=\"_blank\">O Tannenbaum<\/a><br \/>\n<a href=\"https:\/\/willizblog.de\/?p=6776\" rel=\"noopener noreferrer\" target=\"_blank\">AlbinZ Weihnachtsbaum 2012<\/a><\/p>\n","protected":false},"excerpt":{"rendered":"<p>Bei uns geh\u00f6rt es zur Tradition, unseren Weihnachtsbaum selbst zu &#8217;schlagen&#8216;, also zu mit einer S\u00e4ge zu f\u00e4llen. Das ist nat\u00fcrlich kein Problem, denn in unmittelbarer N\u00e4he unserer Wohnortes, gleich hinter Dohren, gibt es mehrere Schonungen, in denen Nordmanntannen und Blaufichten angepflanzt sind. Der Verkauf erfolgt an den Wochenende des 3. und 4. Advents zwischen &hellip; <a href=\"https:\/\/willizblog.de\/?p=11206\" class=\"more-link\"><span class=\"screen-reader-text\">Weihnachtsbaum \u2013 selbst &#8218;geschlagen&#8216;<\/span> weiterlesen <span class=\"meta-nav\">&rarr;<\/span><\/a><\/p>\n","protected":false},"author":1,"featured_media":0,"comment_status":"open","ping_status":"open","sticky":false,"template":"","format":"standard","meta":[],"categories":[28,33],"tags":[],"_links":{"self":[{"href":"https:\/\/willizblog.de\/index.php?rest_route=\/wp\/v2\/posts\/11206"}],"collection":[{"href":"https:\/\/willizblog.de\/index.php?rest_route=\/wp\/v2\/posts"}],"about":[{"href":"https:\/\/willizblog.de\/index.php?rest_route=\/wp\/v2\/types\/post"}],"author":[{"embeddable":true,"href":"https:\/\/willizblog.de\/index.php?rest_route=\/wp\/v2\/users\/1"}],"replies":[{"embeddable":true,"href":"https:\/\/willizblog.de\/index.php?rest_route=%2Fwp%2Fv2%2Fcomments&post=11206"}],"version-history":[{"count":0,"href":"https:\/\/willizblog.de\/index.php?rest_route=\/wp\/v2\/posts\/11206\/revisions"}],"wp:attachment":[{"href":"https:\/\/willizblog.de\/index.php?rest_route=%2Fwp%2Fv2%2Fmedia&parent=11206"}],"wp:term":[{"taxonomy":"category","embeddable":true,"href":"https:\/\/willizblog.de\/index.php?rest_route=%2Fwp%2Fv2%2Fcategories&post=11206"},{"taxonomy":"post_tag","embeddable":true,"href":"https:\/\/willizblog.de\/index.php?rest_route=%2Fwp%2Fv2%2Ftags&post=11206"}],"curies":[{"name":"wp","href":"https:\/\/api.w.org\/{rel}","templated":true}]}}