{"id":11208,"date":"2020-12-16T16:18:41","date_gmt":"2020-12-16T16:18:41","guid":{"rendered":"https:\/\/willizblog.de\/?p=11208"},"modified":"2020-12-20T19:31:50","modified_gmt":"2020-12-20T19:31:50","slug":"bleibt-negativ","status":"publish","type":"post","link":"https:\/\/willizblog.de\/?p=11208","title":{"rendered":"Bleibt negativ!"},"content":{"rendered":"<p>Jetzt zur Weihnachtszeit schwappt also die 2. Coronawelle \u00fcber uns: \u00dcbrigens wie von <a href=\"https:\/\/de.wikipedia.org\/wiki\/Christian_Drosten\" rel=\"noopener noreferrer\" target=\"_blank\">Herrn Drosten<\/a> bereits im April prognostiziert. Womit die Politik wieder einmal ihr Versagen dokumentiert. So hie\u00df es u.a. lange Zeit, Weihnachten, wenn wir ben\u00fcgend R\u00fccksicht n\u00e4hmen, k\u00f6nnte fast wie in alten Zeiten gefeiert werden. Nun, d\u00fcrfen wir gerade vier Personen zus\u00e4tzlich zu den Personen unseres Haushaltes einladen, wenn diese eng mit uns verwandt sind. Immerhin schaffen wir es so, Heiligabend mit unseren beiden S\u00f6hne samt Anhang zu feiern.<\/p>\n<p>Ja, das Corona-Virus hat unser Leben ver\u00e4ndert. Jetzt geht das Jahr 2020 zu Ende und das Beste daran ist, dass es zu Ende geht. Das Virus hat vor allem aber auch unseren Sprachgebrach ver\u00e4ndert. Da gibt es Spr\u00fcche, die vor einem Jahr undenkbar waren bzw. ihrem Sinn nach eine andere Bedeutung hatten. Hier die Corona-Spr\u00fcche des Jahres 2020, wie sie in der Sendung <a href=\"https:\/\/daserste.ndr.de\/extra3\/Das-Jahr-2020-kann-dann-auch-weg,extra18828.html\" rel=\"noopener noreferrer\" target=\"_blank\">extra 3 vom 03.12.2020<\/a> vorgestellt wurden. Nat\u00fcrlich n\u00f6tigt uns das sicherlich ein L\u00e4cheln ab:<\/p>\n<p>Platz 10: Entschuldigung, Ihre Nase guckt raus.<br \/>\nPlatz 9: Lass uns doch mal auf ein Abstandsbier treffen.<br \/>\nPlatz 8: Am Wochenende war ich bei einer <a href=\"https:\/\/de.wikipedia.org\/wiki\/Zoom_Video_Communications\" rel=\"noopener noreferrer\" target=\"_blank\">Zoom<\/a>-Party.<br \/>\nPlatz 7: Mama, wann darf ich wieder in die Schule?<br \/>\nPlatz 6: Du willst nach Passau? Das ist Hochrisikogebiet!<br \/>\nPlatz 5: Ich h\u00f6r dicht nicht. Du hast dein Mikro nicht an.<br \/>\nPlatz 4: Wie viele Haushalte sind wir denn?<br \/>\nPlatz 3: Nicht mit der Oma spielen, die stirbt sonst.<br \/>\nPlatz 2: Kennt ihr noch einen anderen guten H\u00e4ndewasch-Song?<br \/>\nPlatz 1: Du willst doch zur Bank \u2013 vergiss deine Maske nicht!<\/p>\n<p><img src=\"https:\/\/www.willizblog.de\/pics\/corona_willi_mundschutz.jpg\" alt=\"Willi besucht seine Bank\" title=\"Willi besucht seine Bank\" \/><br \/>\nWilli besucht seine Bank<\/p>\n<p>Mein Lieblingsspruch kommt hier leider nicht vor. Mit diesem gr\u00fc\u00dfe ich Euch und w\u00fcnsche noch sch\u00f6ne Adventstage: <strong>Bleibt negativ!<\/strong>&#8211; d.h.: <em>Bleibt gesund!<\/em><\/p>\n<p><strong>Nachtrag vom 17.12.2020:<\/strong><br \/>\n<img src=\"https:\/\/www.willizblog.de\/pics\/corona2020_negativ.jpg\" alt=\"Willi ist negativ! - Bleibt auch negativ!\" title=\"Willi ist negativ! - Bleibt auch negativ!\" \/><br \/>\nWilli ist lt. <a href=\"https:\/\/www.bundesregierung.de\/breg-de\/themen\/corona-warn-app\">Corona-Warn-App<\/a> negativ! &#8211; Bleibt auch negativ!<\/p>\n","protected":false},"excerpt":{"rendered":"<p>Jetzt zur Weihnachtszeit schwappt also die 2. Coronawelle \u00fcber uns: \u00dcbrigens wie von Herrn Drosten bereits im April prognostiziert. Womit die Politik wieder einmal ihr Versagen dokumentiert. So hie\u00df es u.a. lange Zeit, Weihnachten, wenn wir ben\u00fcgend R\u00fccksicht n\u00e4hmen, k\u00f6nnte fast wie in alten Zeiten gefeiert werden. Nun, d\u00fcrfen wir gerade vier Personen zus\u00e4tzlich zu &hellip; <a href=\"https:\/\/willizblog.de\/?p=11208\" class=\"more-link\"><span class=\"screen-reader-text\">Bleibt negativ!<\/span> weiterlesen <span class=\"meta-nav\">&rarr;<\/span><\/a><\/p>\n","protected":false},"author":1,"featured_media":0,"comment_status":"open","ping_status":"open","sticky":false,"template":"","format":"standard","meta":[],"categories":[20],"tags":[],"_links":{"self":[{"href":"https:\/\/willizblog.de\/index.php?rest_route=\/wp\/v2\/posts\/11208"}],"collection":[{"href":"https:\/\/willizblog.de\/index.php?rest_route=\/wp\/v2\/posts"}],"about":[{"href":"https:\/\/willizblog.de\/index.php?rest_route=\/wp\/v2\/types\/post"}],"author":[{"embeddable":true,"href":"https:\/\/willizblog.de\/index.php?rest_route=\/wp\/v2\/users\/1"}],"replies":[{"embeddable":true,"href":"https:\/\/willizblog.de\/index.php?rest_route=%2Fwp%2Fv2%2Fcomments&post=11208"}],"version-history":[{"count":0,"href":"https:\/\/willizblog.de\/index.php?rest_route=\/wp\/v2\/posts\/11208\/revisions"}],"wp:attachment":[{"href":"https:\/\/willizblog.de\/index.php?rest_route=%2Fwp%2Fv2%2Fmedia&parent=11208"}],"wp:term":[{"taxonomy":"category","embeddable":true,"href":"https:\/\/willizblog.de\/index.php?rest_route=%2Fwp%2Fv2%2Fcategories&post=11208"},{"taxonomy":"post_tag","embeddable":true,"href":"https:\/\/willizblog.de\/index.php?rest_route=%2Fwp%2Fv2%2Ftags&post=11208"}],"curies":[{"name":"wp","href":"https:\/\/api.w.org\/{rel}","templated":true}]}}