{"id":11213,"date":"2020-12-21T12:50:32","date_gmt":"2020-12-21T12:50:32","guid":{"rendered":"https:\/\/willizblog.de\/?p=11213"},"modified":"2020-12-21T12:50:32","modified_gmt":"2020-12-21T12:50:32","slug":"winteranfang-2020","status":"publish","type":"post","link":"https:\/\/willizblog.de\/?p=11213","title":{"rendered":"Winteranfang 2020"},"content":{"rendered":"<p>Heute Punkt 14 Uhr 30 beginnt der Winter. Noch scheint die Sonne bei uns, aber am Nachmittag soll es dann wieder regnen. Und zu Weihnachten sind die Aussichten eher gemischt: Von Schnee (auf Wunsch eines einsamen Herrn bei Petrus bestellt) keine Spur. So mag uns ein Gedicht von <a href=\"https:\/\/willizblog.de\/?s=erhardt\" rel=\"noopener noreferrer\" target=\"_blank\">Heinz Erhardt<\/a> eine Schneeflocke ins Gehirn rieseln lassen &#8230;<\/p>\n<p><img src=\"https:\/\/www.willizblog.de\/albpics\/heinz_erhardt.jpg\" alt=\"Heinz Erhardt\" title=\"Heinz Erhardt\" \/><br \/>\nHeinz Erhardt<\/p>\n<p><strong><em>\u00dcberlistet<\/em><\/strong><\/p>\n<p><em>Wenn Bl\u00e4tter von den B\u00e4umen st\u00fcrzen,<br \/>\ndie Tage t\u00e4glich sich verk\u00fcrzen,<br \/>\nwenn Amsel, Drossel, Fink und Meisen<br \/>\ndie Koffer packen und verreisen,<br \/>\nwenn all die Maden, Motten, M\u00fccken,<br \/>\ndie wir vers\u00e4umten zu zerdr\u00fccken,<br \/>\nvon selber sterben \u2013 so glaubt mir:<br \/>\nes steht der Winter vor der T\u00fcr!<\/em><br \/>\n\u00a0<br \/>\n<em>Ich lass ihn stehn!<br \/>\nIch spiel ihm einen Possen!<br \/>\nIch hab die T\u00fcr verriegelt<br \/>\nund gut abgeschlossen!<br \/>\nEr kann nicht rein!<br \/>\nIch hab ihn angeschmiert!<br \/>\nNun steht der Winter vor der T\u00fcr \u2013<br \/>\nund friert!<\/em><\/p>\n","protected":false},"excerpt":{"rendered":"<p>Heute Punkt 14 Uhr 30 beginnt der Winter. Noch scheint die Sonne bei uns, aber am Nachmittag soll es dann wieder regnen. Und zu Weihnachten sind die Aussichten eher gemischt: Von Schnee (auf Wunsch eines einsamen Herrn bei Petrus bestellt) keine Spur. So mag uns ein Gedicht von Heinz Erhardt eine Schneeflocke ins Gehirn rieseln &hellip; <a href=\"https:\/\/willizblog.de\/?p=11213\" class=\"more-link\"><span class=\"screen-reader-text\">Winteranfang 2020<\/span> weiterlesen <span class=\"meta-nav\">&rarr;<\/span><\/a><\/p>\n","protected":false},"author":1,"featured_media":0,"comment_status":"open","ping_status":"open","sticky":false,"template":"","format":"standard","meta":[],"categories":[16,33],"tags":[],"_links":{"self":[{"href":"https:\/\/willizblog.de\/index.php?rest_route=\/wp\/v2\/posts\/11213"}],"collection":[{"href":"https:\/\/willizblog.de\/index.php?rest_route=\/wp\/v2\/posts"}],"about":[{"href":"https:\/\/willizblog.de\/index.php?rest_route=\/wp\/v2\/types\/post"}],"author":[{"embeddable":true,"href":"https:\/\/willizblog.de\/index.php?rest_route=\/wp\/v2\/users\/1"}],"replies":[{"embeddable":true,"href":"https:\/\/willizblog.de\/index.php?rest_route=%2Fwp%2Fv2%2Fcomments&post=11213"}],"version-history":[{"count":0,"href":"https:\/\/willizblog.de\/index.php?rest_route=\/wp\/v2\/posts\/11213\/revisions"}],"wp:attachment":[{"href":"https:\/\/willizblog.de\/index.php?rest_route=%2Fwp%2Fv2%2Fmedia&parent=11213"}],"wp:term":[{"taxonomy":"category","embeddable":true,"href":"https:\/\/willizblog.de\/index.php?rest_route=%2Fwp%2Fv2%2Fcategories&post=11213"},{"taxonomy":"post_tag","embeddable":true,"href":"https:\/\/willizblog.de\/index.php?rest_route=%2Fwp%2Fv2%2Ftags&post=11213"}],"curies":[{"name":"wp","href":"https:\/\/api.w.org\/{rel}","templated":true}]}}