{"id":1123,"date":"2008-03-07T00:06:37","date_gmt":"2008-03-06T22:06:37","guid":{"rendered":"http:\/\/www.albinz.de\/blog\/?p=1123"},"modified":"2010-01-29T09:31:21","modified_gmt":"2010-01-29T08:31:21","slug":"granada-und-der-flamenco-paco-de-lucia","status":"publish","type":"post","link":"https:\/\/willizblog.de\/?p=1123","title":{"rendered":"Granada und der Flamenco: Paco de Lucia"},"content":{"rendered":"<p>In meinem Beitrag <a href=\"https:\/\/www.willizblog.de\/?p=1120\" target=\"_blank\">\u201eAuf der Suche nach Bach\u201c<\/a> berichtete ich u.a. \u00fcber die zwei spanischen Meister der klassischen Gitarre, Andr\u00e9s Segovia und Narciso Yepes, die sich immer wieder der traditionelle Musik Spaniens gewidmet haben. Und als alter <a href=\"https:\/\/www.albinz.net\/spanien.html\" target=\"_blank\">Andalusien-Urlauber<\/a> w\u00e4re es gar eine S\u00fcnde, die dortige Musik links liegen zu lassen: den Flamenco. Es ist gottlob nicht so, dass man an den K\u00fcsten der Costa del Sol mit Flamenco-Kl\u00e4ngen \u00fcbersch\u00fcttet wird, daf\u00fcr bedeutet diese Musik den dortigen Bewohnern viel zu viel, um sie vor die S\u00e4ue zu werfen. Man ist als Fremder gern geduldet mitzuh\u00f6ren und \u2013zusehen, aber um folkloristische Auff\u00fchrungen f\u00fcr Touristen geht es dabei nicht.<\/p>\n<p>Der <a href=\"https:\/\/de.wikipedia.org\/wiki\/Flamenco\" target=\"_blank\">Flamenco<\/a> hat viele Wurzeln. Und eine Heimat ist <a href=\"https:\/\/de.wikipedia.org\/wiki\/Granada\" target=\"_blank\">Granada<\/a>, die Stadt, \u00fcber die die <a href=\"https:\/\/de.wikipedia.org\/wiki\/Alhambra\" target=\"_blank\">Alhambra<\/a>, jene maurische Festung, thront, die schon aus der Ferne zu sehen ist. Nur nebenbei: Einer der S\u00f6hne dieser Stadt ist <a href=\"https:\/\/de.wikipedia.org\/wiki\/Federico_Garc%C3%ADa_Lorca\" target=\"_blank\">Federico Garc\u00eda Lorca<\/a>, eines der bedeutendsten Literaten Spaniens, der sich als ebenso begnadeter Musiker auch mit dem Flamenco besch\u00e4ftigte.<\/p>\n<p>Flamenco \u2013 das ist Tanz (Baile) im Mittelpunkt, der Gesang (Cante) und die Gitarrenmusik (Toque Guitarra). Da ich mich auf der Suche nach hervorragenden Gitarristen diese Welt \u00fcber die Klassik nach Spanien verirrt habe (aber von Verirrung kann nat\u00fcrlich keine Rede sein), bin ich eben jetzt beim Flamenco gelandet, da die Gitarre das Instrument des Flamenco ist. Und neben <a href=\"https:\/\/de.wikipedia.org\/wiki\/Carlos_Montoya\" target=\"_blank\">Carlos Montoya<\/a> u.v.a. ist besonders ein Gitarrist zu nennen, der \u00fcber die Grenzen des Flamenco und des Landes Weltruhm erlangte: <a href=\"https:\/\/de.wikipedia.org\/wiki\/Paco_de_Luc%C3%ADa\" target=\"_blank\">Paco de Lucia<\/a>.<\/p>\n<table border=\"0\" cellpadding=\"2\" cellspacing=\"0\" width=\"100%\">\n<tr>\n<td width=\"33%\">\n<p align=\"center\"><img loading=\"lazy\" border=\"0\" src=\"https:\/\/www.willizblog.de\/blogpicts\/paco_de_lucia.jpg\" alt=\"Paco de Lucia\" width=\"180\" height=\"220\"><\/td>\n<td width=\"33%\">\n<p align=\"center\"><img loading=\"lazy\" border=\"0\" src=\"https:\/\/www.willizblog.de\/blogpicts\/carlos_montoya.jpg\" alt=\"Carlos Montoya\" width=\"180\" height=\"220\"><\/td>\n<td width=\"34%\">\n<p align=\"center\"><img loading=\"lazy\" border=\"0\" src=\"https:\/\/www.willizblog.de\/blogpicts\/jan_akkerman.jpg\" alt=\"Jan Akkerman\" width=\"180\" height=\"220\"><\/td>\n<\/tr>\n<tr>\n<td width=\"33%\">\n<p align=\"center\"><font face=\"Lucida Grande, Lucida Sans Unicode, Verdana, sans-serif\" size=\"2\">Paco de Luc\u00eda<\/font><\/td>\n<td width=\"33%\">\n<p align=\"center\"><font face=\"Lucida Grande, Lucida Sans Unicode, Verdana, sans-serif\" size=\"2\">Carlos Montoya<\/font><\/td>\n<td width=\"34%\">\n<p align=\"center\"><font face=\"Lucida Grande, Lucida Sans Unicode, Verdana, sans-serif\" size=\"2\">Jan Akkerman<\/font><\/td>\n<\/tr>\n<tr>\n<td width=\"33%\">\n<p align=\"center\"><img loading=\"lazy\" border=\"0\" src=\"https:\/\/www.willizblog.de\/blogpicts\/larry_coryell.jpg\" alt=\"Larry Coryell\" width=\"180\" height=\"220\"><\/td>\n<td width=\"33%\">\n<p align=\"center\"><img loading=\"lazy\" border=\"0\" src=\"https:\/\/www.willizblog.de\/blogpicts\/al_di_meola.jpg\" alt=\"Al di Meola\" width=\"180\" height=\"220\"><\/td>\n<td width=\"34%\">\n<p align=\"center\"><img loading=\"lazy\" border=\"0\" src=\"https:\/\/www.willizblog.de\/blogpicts\/john_mclaughlin.jpg\" alt=\"John McLaughlin\" width=\"180\" height=\"220\"><\/td>\n<\/tr>\n<tr>\n<td width=\"33%\">\n<p align=\"center\"><font face=\"Lucida Grande, Lucida Sans Unicode, Verdana, sans-serif\" size=\"2\">Larry Coryell<\/font><\/td>\n<td width=\"33%\">\n<p align=\"center\"><font face=\"Lucida Grande, Lucida Sans Unicode, Verdana, sans-serif\" size=\"2\">Al di Meola<\/font><\/td>\n<td width=\"34%\">\n<p align=\"center\"><font face=\"Lucida Grande, Lucida Sans Unicode, Verdana, sans-serif\" size=\"2\">John McLaughlin<\/font><\/td>\n<\/tr>\n<\/table>\n<p>Zun\u00e4chst f\u00fcr mich als oftmaliger Wanderer durch M\u00e1lagas Gassen hier ein, nein der <a href=\"https:\/\/de.wikipedia.org\/wiki\/Malague%C3%B1a\" target=\"_blank\">Malague\u00f1a<\/a>, gespielt von Carlos Montoya (dieser kommt dabei auch ohne hohe E-Saite aus):<\/p>\n<p><object width=\"425\" height=\"355\"><param name=\"movie\" value=\"https:\/\/www.youtube.com\/v\/GJfi7vFsrhQ\"><\/param><param name=\"wmode\" value=\"transparent\"><\/param><embed src=\"https:\/\/www.youtube.com\/v\/GJfi7vFsrhQ\" type=\"application\/x-shockwave-flash\" wmode=\"transparent\" width=\"425\" height=\"355\"><\/embed><\/object><br \/>\nCarlos Montoya: Malague\u00f1a<\/p>\n<p>Und bevor ich auf Paco de Lucia zu sprechen komme (ich lasse ihn dann auch lieber selbst sprechen \u2013 \u00fcber sein Gitarrenspiel), hier einige Ausschnitte aus der TV-Sendung \u201eGranada \u2013 Zauber aus 1001 Nacht\u201c, die eine kleine Einleitung in den Flamenco gibt und am Schluss Paco de Lucia bei einem Auftritt in der Stierkampfarena \u2013 Plaza del Toros \u2013 zu Granada zeigt:<\/p>\n<p><object width=\"425\" height=\"344\"><param name=\"movie\" value=\"https:\/\/www.youtube.com\/v\/qM3wWFMAKBQ&#038;hl=de&#038;fs=1\"><\/param><param name=\"allowFullScreen\" value=\"true\"><\/param><param name=\"allowscriptaccess\" value=\"always\"><\/param><embed src=\"https:\/\/www.youtube.com\/v\/qM3wWFMAKBQ&#038;hl=de&#038;fs=1\" type=\"application\/x-shockwave-flash\" allowscriptaccess=\"always\" allowfullscreen=\"true\" width=\"425\" height=\"344\"><\/embed><\/object><br \/>\nGranada und der Flamenco<\/p>\n<p><a href=\"http:\/\/www.pacodelucia.org\/flash_ingles.htm\" target=\"_blank\">Paco de Luc\u00eda<\/a> gilt vielen als der Welt bester Gitarrist. Ich kann diese Meinung nur unterst\u00fctzen. Was der Mann auf der Gitarre zaubert, ist kaum zu fassen. Die Gitarre ist seine stetige Begleiterin (auch im Bett? \u2013 sicherlich). Nun, Paco de Lucia ist nicht nur Flamencogitarrist. Er hat schon fr\u00fch in anderen Revieren ger\u00e4ubert, von der Klassik bis zum Jazz. Dabei hat er aber nie seine Herkunft, die traditionelle Musik Andalusiens, geleugnet.<\/p>\n<p>Zun\u00e4chst ein erstes Video mit einem St\u00fcck \u201eEntre dos aguas\u201c (was man wohl mit \u201ezwischen den Ozeanen\u201c \u00fcbersetzen k\u00f6nnte), in dem Paco de Lucia mit Begleitband bereits R\u00fcckgriffe auf moderne Musikelemente nimmt:<\/p>\n<p><object width=\"425\" height=\"355\"><param name=\"movie\" value=\"https:\/\/www.youtube.com\/v\/2oyhlad64-s\"><\/param><param name=\"wmode\" value=\"transparent\"><\/param><embed src=\"https:\/\/www.youtube.com\/v\/2oyhlad64-s\" type=\"application\/x-shockwave-flash\" wmode=\"transparent\" width=\"425\" height=\"355\"><\/embed><\/object><br \/>\nPaco de Lucia &#8211; Entre dos aguas (1976)<\/p>\n<p>Dann ein Video (der erste Teil von zehn) von einem Auftritt 1997 in Viena (soll wohl Vienna hei\u00dfen, also Wien). Hier vermengt er auf unnachahmliche Weise Elemente des Flamenco, \u00fcberhaupt der spanischen Folklore, mit Klassik und Jazz. Absolut h\u00f6renswert f\u00fcr jeden Freund der akustischen Gitarre:<\/p>\n<p><object width=\"425\" height=\"355\"><param name=\"movie\" value=\"https:\/\/www.youtube.com\/v\/ltzCbQrO9G4\"><\/param><param name=\"wmode\" value=\"transparent\"><\/param><embed src=\"https:\/\/www.youtube.com\/v\/ltzCbQrO9G4\" type=\"application\/x-shockwave-flash\" wmode=\"transparent\" width=\"425\" height=\"355\"><\/embed><\/object><br \/>\nPaco De Lucia &#8211; Amor Flamenco (Viena 1996) 1\/10<\/p>\n<p>Und es musste kommen, wie es kam. Andere Gitarristen schlugen sich f\u00f6rmlich darum, mit Paco de Lucia auftreten zu k\u00f6nnen. Bereits 1970 kam es zu einem Zusammentreffen zwischen ihm und Jan Akkerman, den wir von der Gruppe \u201eFocus\u201c (bereits in vielen meiner Beitr\u00e4ge angesprochen, u.a. <a href=\"https:\/\/www.willizblog.de\/?p=487\" target=\"_blank\">Focus: Sylvia<\/a>) kennen. Hier behandelt Paco den guten Jan mit einiger Nachsicht:<\/p>\n<p><object width=\"425\" height=\"355\"><param name=\"movie\" value=\"https:\/\/www.youtube.com\/v\/Vakx58fh4bA\"><\/param><param name=\"wmode\" value=\"transparent\"><\/param><embed src=\"https:\/\/www.youtube.com\/v\/Vakx58fh4bA\" type=\"application\/x-shockwave-flash\" wmode=\"transparent\" width=\"425\" height=\"355\"><\/embed><\/object><br \/>\nJan Akkerman and Paco de Lucia: &#8222;Tres Hermanos&#8220; Live 1970<\/p>\n<p>Dann gab es immer wieder Konzerte mit Gitarrengr\u00f6\u00dfen des Jazz, u.a. mit <a href=\"https:\/\/de.wikipedia.org\/wiki\/Larry_Coryell\" target=\"_blank\">Larry Coryell<\/a>, der uns bereits in meinem Beitrag <a href=\"https:\/\/www.willizblog.de\/?p=790\" target=\"_blank\">\u201eHerbie Mann: Memphis Underground\u201c<\/a> musikalisch begegnet ist:<\/p>\n<p><object width=\"425\" height=\"355\"><param name=\"movie\" value=\"https:\/\/www.youtube.com\/v\/F5RGpQmWtTI\"><\/param><param name=\"wmode\" value=\"transparent\"><\/param><embed src=\"https:\/\/www.youtube.com\/v\/F5RGpQmWtTI\" type=\"application\/x-shockwave-flash\" wmode=\"transparent\" width=\"425\" height=\"355\"><\/embed><\/object><br \/>\nLarry Coryell and Paco de Lucia<\/p>\n<p>Einen absoluten H\u00f6hepunkt stellt die Zusammenarbeit von Paco de Lucia mit <a href=\" https:\/\/de.wikipedia.org\/wiki\/John_McLaughlin_%28Musiker%29\" target=\"_blank\">John McLaughin<\/a> und <a href=\"https:\/\/de.wikipedia.org\/wiki\/Al_di_Meola\" target=\"_blank\">Al di Meola<\/a> dar. Das Ergebnis: das Album <a href=\"https:\/\/de.wikipedia.org\/wiki\/Friday_Night_in_San_Francisco\" target=\"_blank\">\u201eFriday Night in San Francisco\u201c<\/a> aus dem Jahr 1981. John McLaughlin kennen wir bereits von dem <a href=\"https:\/\/de.wikipedia.org\/wiki\/Mahavishnu_Orchestra\" target=\"_blank\">Mahavishnu Orchestra<\/a> her (siehe meinen Beitrag: <a href=\"https:\/\/www.willizblog.de\/?p=396\" target=\"_blank\">Mahavishnu Orchestra: Open Country Joy<\/a>). Und Al di Meola hat u.a. mit Ian Anderson von der Gruppe \u201cJethro Tull\u201d in dem Projekt <a href=\"https:\/\/de.wikipedia.org\/wiki\/Leslie_Mandoki\" target=\"_blank\">\u201eLesile Mandoki \u2018s Soulmates\u201c<\/a> zusammengearbeitet (siehe den Life-Mitschnitt <a href=\"http:\/\/de.youtube.com\/view_play_list?p=B74344809A56350E\" target=\"_blank\">Soulmates feat. Ian Anderson live Tr\u00e4nenpalast\/Berlin 2003<\/a>).<\/p>\n<p>Was die drei Musiker da zaubern, ist gewaltig. Mein j\u00fcngster Sohn sagte, als wir das folgende Video gemeinsam betrachteten: Die spielen ja keine Gitarren mehr! Ich denke, er hat es auf den Punkt gebracht. Eigentlich bin ich gegen\u00fcber solcher Akrobatik auf einem Musikinstrument allergisch (ich wei\u00df z.B. nicht, welche Ehre es sein soll, als \u201eschnellster Gitarrist der Welt\u201c wie Al di Meola bezeichnet zu werden). Sp\u00e4tere Aufnahmen von John McLaughlin fand ich mit der Zeit t\u00f6dlich langweilig, da nur noch reine Technik mit wenig Geist und kaum Gef\u00fchl pr\u00e4sentiert wurde. Auch diese drei Musiker liefen Gefahr, die Spieltechnik \u00fcberzubewerten. Ich denke, es war Paco de Lucia, der dem Ganzen dann doch die n\u00f6tigen Seele samt Geist einhauchte. Auf der anderen Seite: Hier lassen die drei Jungs wirklich \u201adie Sau \u2019raus\u2019; sollen sie es auch einmal:<\/p>\n<p><object width=\"425\" height=\"355\"><param name=\"movie\" value=\"https:\/\/www.youtube.com\/v\/9cadbYIzhqQ\"><\/param><param name=\"wmode\" value=\"transparent\"><\/param><embed src=\"https:\/\/www.youtube.com\/v\/9cadbYIzhqQ\" type=\"application\/x-shockwave-flash\" wmode=\"transparent\" width=\"425\" height=\"355\"><\/embed><\/object><br \/>\nPaco de Lucia &#8211; John McLaughlin \u2013 Al di Meola: Mediterranean Sundance<\/p>\n","protected":false},"excerpt":{"rendered":"<p>In meinem Beitrag \u201eAuf der Suche nach Bach\u201c berichtete ich u.a. \u00fcber die zwei spanischen Meister der klassischen Gitarre, Andr\u00e9s Segovia und Narciso Yepes, die sich immer wieder der traditionelle Musik Spaniens gewidmet haben. Und als alter Andalusien-Urlauber w\u00e4re es gar eine S\u00fcnde, die dortige Musik links liegen zu lassen: den Flamenco. Es ist gottlob &hellip; <a href=\"https:\/\/willizblog.de\/?p=1123\" class=\"more-link\"><span class=\"screen-reader-text\">Granada und der Flamenco: Paco de Lucia<\/span> weiterlesen <span class=\"meta-nav\">&rarr;<\/span><\/a><\/p>\n","protected":false},"author":1,"featured_media":0,"comment_status":"open","ping_status":"closed","sticky":false,"template":"","format":"standard","meta":[],"categories":[5,10],"tags":[],"_links":{"self":[{"href":"https:\/\/willizblog.de\/index.php?rest_route=\/wp\/v2\/posts\/1123"}],"collection":[{"href":"https:\/\/willizblog.de\/index.php?rest_route=\/wp\/v2\/posts"}],"about":[{"href":"https:\/\/willizblog.de\/index.php?rest_route=\/wp\/v2\/types\/post"}],"author":[{"embeddable":true,"href":"https:\/\/willizblog.de\/index.php?rest_route=\/wp\/v2\/users\/1"}],"replies":[{"embeddable":true,"href":"https:\/\/willizblog.de\/index.php?rest_route=%2Fwp%2Fv2%2Fcomments&post=1123"}],"version-history":[{"count":0,"href":"https:\/\/willizblog.de\/index.php?rest_route=\/wp\/v2\/posts\/1123\/revisions"}],"wp:attachment":[{"href":"https:\/\/willizblog.de\/index.php?rest_route=%2Fwp%2Fv2%2Fmedia&parent=1123"}],"wp:term":[{"taxonomy":"category","embeddable":true,"href":"https:\/\/willizblog.de\/index.php?rest_route=%2Fwp%2Fv2%2Fcategories&post=1123"},{"taxonomy":"post_tag","embeddable":true,"href":"https:\/\/willizblog.de\/index.php?rest_route=%2Fwp%2Fv2%2Ftags&post=1123"}],"curies":[{"name":"wp","href":"https:\/\/api.w.org\/{rel}","templated":true}]}}