{"id":11233,"date":"2021-01-20T12:09:33","date_gmt":"2021-01-20T12:09:33","guid":{"rendered":"https:\/\/willizblog.de\/?p=11233"},"modified":"2021-01-20T12:12:47","modified_gmt":"2021-01-20T12:12:47","slug":"querbeet-11-neues-von-alten-herrn","status":"publish","type":"post","link":"https:\/\/willizblog.de\/?p=11233","title":{"rendered":"Querbeet (11): Neues von alten M\u00e4nnern"},"content":{"rendered":"<p><strong>Das Fell des B\u00e4ren<\/strong><\/p>\n<p>Bekanntlich soll man das Fell des B\u00e4ren nicht verteilen, bevor er erlegt ist: Wenn schon nicht Parteichef, dann eben Bundesminister: Dass Friedrich Merz nach H\u00f6herem strebt, hat er oft gesagt. Nun w\u00fcrde er <a href=\"https:\/\/www.tagesschau.de\/inland\/merz-wirtschaftsminister-angebot-101.html\" rel=\"noopener\" target=\"_blank\">gerne Wirtschaftsminister werden<\/a>. Doch Kanzlerin Merkel, die Merz schon vor Jahren den Laufpass gegeben hatte, lehnt eine Kabinettsumbildung ab. So hofft der gute Mann nat\u00fcrlich auf sp\u00e4tere Zeiten, um nach der <a href=\"https:\/\/www.bundestagswahl-2021.de\" rel=\"noopener\" target=\"_blank\">Bundestagswahl im Herbst diesen Jahres<\/a> in einem Kabinett Laschet (oder S\u00f6der oder \u2026?) den angestrebten Posten zu erringen. Die Wahl ist zwar noch lange nicht gelaufen, aber \u00fcber P\u00f6stchen kann man (Merz) ja schon einmal verhandelt.<\/p>\n<p><img src=\"http:\/\/www.willizblog.de\/images\/querbeet.jpg\" alt=\".... querbett\" title=\".... querbett\" \/><\/p>\n<p><strong>Das Lieblingsspielzeug weggenommen <\/strong><\/p>\n<p>Lukaschenko, Pr\u00e4sident Belarus&#8216; von eigenen Gnaden, liebt Eishockey. Und freudestrahlend empfing er vor einigen Tagen den <a href=\"https:\/\/www.sportschau.de\/weitere\/eishockey\/interview-fasel-lichtner-eishockey-wm-belarus-100.html\" rel=\"noopener\" target=\"_blank\">Pr\u00e4sidenten der Eishockey-F\u00f6deration IIHF, Ren\u00e9 Fasel<\/a>, um ihn vor laufender Kamera freundschaftlich zu umarmen. In Corona-Zeiten nicht gerade das richtige Signal, auch wenn beide die CoVid-19-Infektion bereits \u00fcberstanden haben. Es ging um die Ausrichtung der Eishockey-Weltmeisterschaft 2021, die ab 21. Mai in Riga, Lettland, und Minsk, Belarus, stattfinden sollte.<\/p>\n<p>Da aufgrund der <a href=\"https:\/\/de.wikipedia.org\/wiki\/Proteste_in_Wei%C3%9Frussland_2020\" rel=\"noopener\" target=\"_blank\">Menschenrechtslage in Belarus<\/a> verschiedene Sponsoren mit R\u00fcckzug drohten, hat der IIHF entschieden, wegen &#8222;wachsender Sicherheitsbedenken im Zusammenhang mit den zunehmenden politischen Unruhen sowie Covid-19&#8220; die WM nicht wie geplant in Minsk abhalten zu lassen. <\/p>\n<p>&#8222;Das ist <a href=\"https:\/\/www.sportschau.de\/weitere\/eishockey\/eishockey-wm-belarus-reaktionen-100.html\" rel=\"noopener\" target=\"_blank\">ein schwerer Schlag f\u00fcr den Diktator<\/a> und sein Image&#8220;, sagte der belarusische Menschenrechtsaktivist Ales Bialiatski dem SID. Lukaschenko h\u00e4tte die WM nur zu gerne f\u00fcr seine Politik benutzt, betonte der mit dem &#8222;Alternativen Nobelpreis&#8220; (Right Livelihood Award) ausgezeichnete Bialiatski: &#8222;Es ist ein bisschen so, als nimmt man einem Kind das Spielzeug weg.&#8220; <\/p>\n<p>Bereits zuvor hatte das Internationale Olympische Komitee den belarusischen Machthaber Alexander Lukaschenko von allen olympischen Aktivit\u00e4ten einschlie\u00dflich der Sommerspiele in Tokio <a href=\"https:\/\/www.sportschau.de\/hintergrund\/IOC-schliesst-lukachenko-aus100.html\" rel=\"noopener\" target=\"_blank\">ausgeschlossen<\/a>. <\/p>\n<p><strong>Potus, ab in den Lokus &#8211; oder: Von weiteren Fellen<\/strong><\/p>\n<p>US-Pr\u00e4sident Trumps Stunden sind gottlob gez\u00e4hlt. Der alte <a href=\"https:\/\/twitter.com\/potus\" rel=\"noopener\" target=\"_blank\">Potus (President Of The United States)<\/a> geht (ab in den Lokus mit ihm), der neue Potus kommt (heute ist bekanntlich Joe Bidens Amtseinf\u00fchrung). Nein, ich schreibe nichts mehr \u00fcber diesen trotz Reagan, Bush Vater und Bush Sohn schlechtesten Pr\u00e4sident der USA. Seine Felle haben l\u00e4ngst begonnen, davon zu schwimmen. Ich hoffe nur noch, das er <a href=\"https:\/\/www.deutschlandfunknova.de\/beitrag\/donald-trump-vor-gericht-was-dem-us-praesidenten-droht\" rel=\"noopener\" target=\"_blank\">bald im Knast<\/a> landet. Sch\u00f6n w\u00e4re das. Aber vielleicht begnadigt er sich als letzte Amtshandlung selbst prophylaktisch. W\u00fcrde zu ihm passen. Bannon hat er ja bereits begnadigt. Die <a href=\"https:\/\/www.tagesschau.de\/ausland\/trump-bannon-117.html\" rel=\"noopener\" target=\"_blank\">Begnadigung Bannons<\/a> ist deshalb bemerkenswert, weil der fr\u00fchere Chefstratege zwar angeklagt ist, allerdings bislang nicht verurteilt. In der Regel begnadigen US-Pr\u00e4sidenten vor allem bereits Verurteilte. <\/p>\n","protected":false},"excerpt":{"rendered":"<p>Das Fell des B\u00e4ren Bekanntlich soll man das Fell des B\u00e4ren nicht verteilen, bevor er erlegt ist: Wenn schon nicht Parteichef, dann eben Bundesminister: Dass Friedrich Merz nach H\u00f6herem strebt, hat er oft gesagt. Nun w\u00fcrde er gerne Wirtschaftsminister werden. Doch Kanzlerin Merkel, die Merz schon vor Jahren den Laufpass gegeben hatte, lehnt eine Kabinettsumbildung &hellip; <a href=\"https:\/\/willizblog.de\/?p=11233\" class=\"more-link\"><span class=\"screen-reader-text\">Querbeet (11): Neues von alten M\u00e4nnern<\/span> weiterlesen <span class=\"meta-nav\">&rarr;<\/span><\/a><\/p>\n","protected":false},"author":1,"featured_media":0,"comment_status":"open","ping_status":"open","sticky":false,"template":"","format":"standard","meta":[],"categories":[20],"tags":[],"_links":{"self":[{"href":"https:\/\/willizblog.de\/index.php?rest_route=\/wp\/v2\/posts\/11233"}],"collection":[{"href":"https:\/\/willizblog.de\/index.php?rest_route=\/wp\/v2\/posts"}],"about":[{"href":"https:\/\/willizblog.de\/index.php?rest_route=\/wp\/v2\/types\/post"}],"author":[{"embeddable":true,"href":"https:\/\/willizblog.de\/index.php?rest_route=\/wp\/v2\/users\/1"}],"replies":[{"embeddable":true,"href":"https:\/\/willizblog.de\/index.php?rest_route=%2Fwp%2Fv2%2Fcomments&post=11233"}],"version-history":[{"count":0,"href":"https:\/\/willizblog.de\/index.php?rest_route=\/wp\/v2\/posts\/11233\/revisions"}],"wp:attachment":[{"href":"https:\/\/willizblog.de\/index.php?rest_route=%2Fwp%2Fv2%2Fmedia&parent=11233"}],"wp:term":[{"taxonomy":"category","embeddable":true,"href":"https:\/\/willizblog.de\/index.php?rest_route=%2Fwp%2Fv2%2Fcategories&post=11233"},{"taxonomy":"post_tag","embeddable":true,"href":"https:\/\/willizblog.de\/index.php?rest_route=%2Fwp%2Fv2%2Ftags&post=11233"}],"curies":[{"name":"wp","href":"https:\/\/api.w.org\/{rel}","templated":true}]}}