{"id":1124,"date":"2008-03-08T00:08:26","date_gmt":"2008-03-07T22:08:26","guid":{"rendered":"http:\/\/www.albinz.de\/blog\/?p=1124"},"modified":"2008-05-15T08:17:30","modified_gmt":"2008-05-15T06:17:30","slug":"unterschlagene-beitrage-%e2%80%93-teil-2","status":"publish","type":"post","link":"https:\/\/willizblog.de\/?p=1124","title":{"rendered":"(Fast) unterschlagene Beitr\u00e4ge \u2013 Teil 2"},"content":{"rendered":"<p><em><strong>Wenn nichts mehr geht &#8230;<\/strong><\/em><\/p>\n<p>Da ging doch am Donnerstag Google die Luft aus, oder? Google war l\u00e4ngere Zeit einfach nicht erreichbar. Und seit <strong>zwei Tagen<\/strong> k\u00f6nnen wir auf der Arbeit keine Mails mehr versenden oder empfangen. Angeblich weil eine Spamflut mehrere Server lahmgelegt hat. Meine Firma ist Kunde bei t-online (warum eigentlich noch?). Und Kunden von 1&#038;1 im Norden Hamburgs kommen seit l\u00e4ngerer Zeit erst gar nicht ins Netz. <\/p>\n<p>Angeblich war es bei Google ein Problem des <a href=\"https:\/\/de.wikipedia.org\/wiki\/Domain_Name_System\" target=\"_blank\">DNS-Servers<\/a>, aber auch von regionalen Ausf\u00e4llen oder von Server-Probleme bei 1&#038;1 und t-online war die Rede. Passt das eine zum anderen? Was, wenn eines Tages nichts mehr geht? Trommeln? Rauchzeichen?<\/p>\n<p><a href=\"http:\/\/www.heute.de\/ZDFheute\/inhalt\/19\/0,3672,7166579,00.html\" target=\"_blank\">Wenn das schlechte Gewissen plagt<\/a><\/p>\n<p>Mein Glaube an das Gute im Menschen bekommt Nahrung: Der Pr\u00e4sident des Bundesverbands der Deutschen Industrie, J\u00fcrgen Thumann, fordert tats\u00e4chlich h\u00f6here L\u00f6hne, \u201edamit die Mitarbeiter mehr Netto bekommen\u201c. Alle Teile der Gesellschaft m\u00fcssten am wirtschaftlichen Erfolg beteiligt werden, betonte Thumann. Der Grundkonsens \u00fcber die soziale Marktwirtschaft m\u00fcsse gepflegt und zum Teil erneuert werden. Ob da einem das schlechte Gewissen plagt?<\/p>\n<p><a href=\"http:\/\/www.heute.de\/ZDFheute\/inhalt\/15\/0,3672,7166607,00.html\" target=\"_blank\">Schill kokst<\/a><\/p>\n<p><object width=\"425\" height=\"355\"><param name=\"movie\" value=\"https:\/\/www.youtube.com\/v\/IAR4smowzhU\"><\/param><param name=\"wmode\" value=\"transparent\"><\/param><embed src=\"https:\/\/www.youtube.com\/v\/IAR4smowzhU\" type=\"application\/x-shockwave-flash\" wmode=\"transparent\" width=\"425\" height=\"355\"><\/embed><\/object><\/p>\n<p><a href=\"http:\/\/fussball.zdf.de\/ZDFsport\/inhalt\/29\/0,5676,7166557,00.html\" target=\"_blank\">Wiese begr\u00e4bt Ambitionen<\/a><\/p>\n<p>Sollte er jemals Ambitionen gehabt haben, f\u00fcr die Nationalmannschaft nominiert zu werden, so darf er diese jetzt wohl begraben. Tim Wiese, Torwart von Werder Bremen, hatte beim UEFA-Cup-Spiel in Schottland bei den Glasgow Rangers nicht seinen besten Tag: Ende der 1. Halbzeit lie\u00df er eine Ball durch die H\u00e4nde ins Tor rutschen. Und dem nicht genug: Gleich Anfang der 2. Halbzeit lie\u00df der Keeper der Gr\u00fcn-Wei\u00dfen einen Ball nach vorne abprallen und ebnete den Schotten durch Davis das 2:0. Aber was die anderen Bremer gegen die kampfstarken Schotten boten, war auch nicht gerade geeignet, einem vom Hocker zu rei\u00dfen.<\/p>\n<p><a href=\"http:\/\/www.heute.de\/ZDFheute\/inhalt\/14\/0,3672,7166702,00.html\" target=\"_blank\">Geht das wieder von vorne los?<\/a><\/p>\n<p>Die Bahn macht es sich leicht: Da sollen die Gewerkschaften Transnet, GDBA und GDL erst einmal eine Kooperationsvereinbarung unter Dach und Fach bekommen, damit der mit der GDL ausgehandelte Lokf\u00fchrer-Tarifvertrag in Kraft treten kann. Und da damit nichts wird, wird ab Montag wieder gestreikt. Mehdorn und Schell sollten sich mit Schill treffen und einmal einen schniefen. Vielleicht werden beide dann auch endlich wach.<\/p>\n","protected":false},"excerpt":{"rendered":"<p>Wenn nichts mehr geht &#8230; Da ging doch am Donnerstag Google die Luft aus, oder? Google war l\u00e4ngere Zeit einfach nicht erreichbar. Und seit zwei Tagen k\u00f6nnen wir auf der Arbeit keine Mails mehr versenden oder empfangen. Angeblich weil eine Spamflut mehrere Server lahmgelegt hat. Meine Firma ist Kunde bei t-online (warum eigentlich noch?). Und &hellip; <a href=\"https:\/\/willizblog.de\/?p=1124\" class=\"more-link\"><span class=\"screen-reader-text\">(Fast) unterschlagene Beitr\u00e4ge \u2013 Teil 2<\/span> weiterlesen <span class=\"meta-nav\">&rarr;<\/span><\/a><\/p>\n","protected":false},"author":1,"featured_media":0,"comment_status":"open","ping_status":"closed","sticky":false,"template":"","format":"standard","meta":[],"categories":[12,4],"tags":[],"_links":{"self":[{"href":"https:\/\/willizblog.de\/index.php?rest_route=\/wp\/v2\/posts\/1124"}],"collection":[{"href":"https:\/\/willizblog.de\/index.php?rest_route=\/wp\/v2\/posts"}],"about":[{"href":"https:\/\/willizblog.de\/index.php?rest_route=\/wp\/v2\/types\/post"}],"author":[{"embeddable":true,"href":"https:\/\/willizblog.de\/index.php?rest_route=\/wp\/v2\/users\/1"}],"replies":[{"embeddable":true,"href":"https:\/\/willizblog.de\/index.php?rest_route=%2Fwp%2Fv2%2Fcomments&post=1124"}],"version-history":[{"count":0,"href":"https:\/\/willizblog.de\/index.php?rest_route=\/wp\/v2\/posts\/1124\/revisions"}],"wp:attachment":[{"href":"https:\/\/willizblog.de\/index.php?rest_route=%2Fwp%2Fv2%2Fmedia&parent=1124"}],"wp:term":[{"taxonomy":"category","embeddable":true,"href":"https:\/\/willizblog.de\/index.php?rest_route=%2Fwp%2Fv2%2Fcategories&post=1124"},{"taxonomy":"post_tag","embeddable":true,"href":"https:\/\/willizblog.de\/index.php?rest_route=%2Fwp%2Fv2%2Ftags&post=1124"}],"curies":[{"name":"wp","href":"https:\/\/api.w.org\/{rel}","templated":true}]}}