{"id":11241,"date":"2021-02-02T00:01:10","date_gmt":"2021-02-02T00:01:10","guid":{"rendered":"https:\/\/willizblog.de\/?p=11241"},"modified":"2021-02-01T15:05:01","modified_gmt":"2021-02-01T15:05:01","slug":"16-jahre-willizblog","status":"publish","type":"post","link":"https:\/\/willizblog.de\/?p=11241","title":{"rendered":"16 Jahre Willizblog"},"content":{"rendered":"<p>Ich habe nichts gegens Feiern. Manche haben zum Feiern ja immer einen Anlass. Ich geh\u00f6re zu denen, die keinen Anlass brauchen. Und gibt es einen Anlass, dann komme ich eher ohne Feier aus. Corona hin, Corona her. Auch ohne Corona w\u00fcrde ich heute aufs Feiern verzichten. Aber erw\u00e4hnt m\u00f6chte ich es doch haben: heute vor 16 Jahren habe ich diesen Blog er\u00f6ffnet. Damals sicherlich mit der Gewissheit, 16 Jahre sp\u00e4ter NICHT einen solchen Beitrag schreiben zu k\u00f6nnen. Ihr versteht, was ich meine?!<\/p>\n<ul><img src=\"https:\/\/willizblog.de\/albpics\/williz_welt.jpg\" alt=\"Willi in WilliZ Welt - schottlandm\u00e4\u00dfig\" title=\"Willi in WilliZ Welt - schottlandm\u00e4\u00dfig\" \/><br \/>\nWilli in WilliZ Welt &#8211; schottlandm\u00e4\u00dfig<\/ul>\n<p>Nun also keine Gl\u00fcckw\u00fcnsche und keine &#8218;Dankesbekundungen&#8216;. Ich mache das hier zu meinem eigenen Vergn\u00fcgen, gewisserma\u00dfen als Training f\u00fcr den Kopf. Und auch manchmal, um &#8218;Luft abzulassen&#8216;. Und wenn sich der eine oder die andere hin und wieder zu meinen geistigen Erg\u00fcssen per Kommentar \u00e4u\u00dfert, so soll es mir Recht sein. Besonders dann, wenn es in meinem Sinne ist. Ich hoffe, Ihr versteht auch das &#8230;<\/p>\n<p>siehe auch: <a href=\"https:\/\/willizblog.de\/?p=8123\" rel=\"noopener\" target=\"_blank\">60 Jahre Willi \u2013 9 Jahre Willizblog<\/a><\/p>\n","protected":false},"excerpt":{"rendered":"<p>Ich habe nichts gegens Feiern. Manche haben zum Feiern ja immer einen Anlass. Ich geh\u00f6re zu denen, die keinen Anlass brauchen. Und gibt es einen Anlass, dann komme ich eher ohne Feier aus. Corona hin, Corona her. Auch ohne Corona w\u00fcrde ich heute aufs Feiern verzichten. Aber erw\u00e4hnt m\u00f6chte ich es doch haben: heute vor &hellip; <a href=\"https:\/\/willizblog.de\/?p=11241\" class=\"more-link\"><span class=\"screen-reader-text\">16 Jahre Willizblog<\/span> weiterlesen <span class=\"meta-nav\">&rarr;<\/span><\/a><\/p>\n","protected":false},"author":1,"featured_media":0,"comment_status":"open","ping_status":"open","sticky":false,"template":"","format":"standard","meta":[],"categories":[30],"tags":[],"_links":{"self":[{"href":"https:\/\/willizblog.de\/index.php?rest_route=\/wp\/v2\/posts\/11241"}],"collection":[{"href":"https:\/\/willizblog.de\/index.php?rest_route=\/wp\/v2\/posts"}],"about":[{"href":"https:\/\/willizblog.de\/index.php?rest_route=\/wp\/v2\/types\/post"}],"author":[{"embeddable":true,"href":"https:\/\/willizblog.de\/index.php?rest_route=\/wp\/v2\/users\/1"}],"replies":[{"embeddable":true,"href":"https:\/\/willizblog.de\/index.php?rest_route=%2Fwp%2Fv2%2Fcomments&post=11241"}],"version-history":[{"count":0,"href":"https:\/\/willizblog.de\/index.php?rest_route=\/wp\/v2\/posts\/11241\/revisions"}],"wp:attachment":[{"href":"https:\/\/willizblog.de\/index.php?rest_route=%2Fwp%2Fv2%2Fmedia&parent=11241"}],"wp:term":[{"taxonomy":"category","embeddable":true,"href":"https:\/\/willizblog.de\/index.php?rest_route=%2Fwp%2Fv2%2Fcategories&post=11241"},{"taxonomy":"post_tag","embeddable":true,"href":"https:\/\/willizblog.de\/index.php?rest_route=%2Fwp%2Fv2%2Ftags&post=11241"}],"curies":[{"name":"wp","href":"https:\/\/api.w.org\/{rel}","templated":true}]}}