{"id":11255,"date":"2021-02-22T10:28:10","date_gmt":"2021-02-22T10:28:10","guid":{"rendered":"https:\/\/willizblog.de\/?p=11255"},"modified":"2021-02-22T10:28:10","modified_gmt":"2021-02-22T10:28:10","slug":"auf-der-suche-nach-dem-schnee-von-gestern","status":"publish","type":"post","link":"https:\/\/willizblog.de\/?p=11255","title":{"rendered":"Auf der Suche nach dem &#8218;Schnee von gestern&#8216;"},"content":{"rendered":"<p>Wintereinbruch \u2013 auch bei uns im hohen Norden. Wann hatten wir zuletzt ein solches Winterwetter mit Schnee und fast 10 Tagen Dauerfrost? Und nur wenige Tage danach: Fr\u00fchling! Statt minus 12 Grad pl\u00f6tzlich 18 Grad plus. Und Sonne! Da zieht es uns ins Freie.<\/p>\n<p>So wie der Schnee kam, so schnell war er dann auch wieder weg. Dahingeschmolzen, Dreck hinterlassend!<\/p>\n<p><img src=\"https:\/\/www.willizblog.de\/pics\/tostedt2021_schnee_von_gestern01.jpg\" alt=\"Der Schnee von gestern: Ein Haufen Dreck und Matsch\" title=\"Der Schnee von gestern: Ein Haufen Dreck und Matsch\" \/><br \/>\nDer Schnee von gestern: Ein Haufen Dreck und Matsch<\/p>\n<p>Letzte Woche Donnerstag hatte ich mich auf den Weg gemacht, auf der Suche nach dem &#8218;Schnee von gestern&#8216; und fand nur zusammengekratzten Schneematsch, im Wald auch noch unber\u00fchrten Nassschnee: eben der &#8218;Schnee von gestern&#8216;.<\/p>\n<p><img src=\"https:\/\/www.willizblog.de\/pics\/tostedt2021_schnee_von_gestern02.jpg\" alt=\"Der Schnee von gestern: D\u00fcvelsh\u00f6pen\/Tostedt\" title=\"Der Schnee von gestern: D\u00fcvelsh\u00f6pen\/Tostedt\" \/><br \/>\nDer Schnee von gestern: D\u00fcvelsh\u00f6pen\/Tostedt<\/p>\n<p>Den Schnee von gestern kennen wir als Redewendung, die besagt, das etwas Vergangenheit ist, das nicht mehr gilt, eine Sache, die einmal wichtig war, jetzt aber nicht mehr von Bedeutung ist.<\/p>\n<p>Urspr\u00fcnglich lautete die Redewendung &#8222;Schnee vom vergangenen Jahr &#8220; und stammt aus dem sp\u00e4ten 19. Jahrhundert. Der Dichter des franz\u00f6sischen Sp\u00e4tmittelalters <a href=\"https:\/\/de.wikipedia.org\/wiki\/Fran%C3%A7ois_Villon\" rel=\"noopener\" target=\"_blank\">Francois Villon<\/a> soll den Ausdruck gepr\u00e4gt haben. Er ist Teil seiner <a href=\"https:\/\/de.wikipedia.org\/wiki\/Ballade_des_dames_du_temps_jadis\" rel=\"noopener\" target=\"_blank\">Ballade des dames du temps jadis<\/a> (\u201eBallade der Frauen von einst\u201c): &#8222;Mais ou sont les neiges d&#8217;antan?&#8220; &#8211; &#8222;Aber wo ist der Schnee vom letzten Jahr?&#8220; Villon nutzt die Redewendung als Refrain und verweist damit auf Vergangenes wie historische Ereignisse und Personen und eine l\u00e4ngst vergangene Sch\u00f6nheit. <\/p>\n","protected":false},"excerpt":{"rendered":"<p>Wintereinbruch \u2013 auch bei uns im hohen Norden. Wann hatten wir zuletzt ein solches Winterwetter mit Schnee und fast 10 Tagen Dauerfrost? Und nur wenige Tage danach: Fr\u00fchling! Statt minus 12 Grad pl\u00f6tzlich 18 Grad plus. Und Sonne! Da zieht es uns ins Freie. So wie der Schnee kam, so schnell war er dann auch &hellip; <a href=\"https:\/\/willizblog.de\/?p=11255\" class=\"more-link\"><span class=\"screen-reader-text\">Auf der Suche nach dem &#8218;Schnee von gestern&#8216;<\/span> weiterlesen <span class=\"meta-nav\">&rarr;<\/span><\/a><\/p>\n","protected":false},"author":1,"featured_media":0,"comment_status":"open","ping_status":"open","sticky":false,"template":"","format":"standard","meta":[],"categories":[3,11],"tags":[],"_links":{"self":[{"href":"https:\/\/willizblog.de\/index.php?rest_route=\/wp\/v2\/posts\/11255"}],"collection":[{"href":"https:\/\/willizblog.de\/index.php?rest_route=\/wp\/v2\/posts"}],"about":[{"href":"https:\/\/willizblog.de\/index.php?rest_route=\/wp\/v2\/types\/post"}],"author":[{"embeddable":true,"href":"https:\/\/willizblog.de\/index.php?rest_route=\/wp\/v2\/users\/1"}],"replies":[{"embeddable":true,"href":"https:\/\/willizblog.de\/index.php?rest_route=%2Fwp%2Fv2%2Fcomments&post=11255"}],"version-history":[{"count":0,"href":"https:\/\/willizblog.de\/index.php?rest_route=\/wp\/v2\/posts\/11255\/revisions"}],"wp:attachment":[{"href":"https:\/\/willizblog.de\/index.php?rest_route=%2Fwp%2Fv2%2Fmedia&parent=11255"}],"wp:term":[{"taxonomy":"category","embeddable":true,"href":"https:\/\/willizblog.de\/index.php?rest_route=%2Fwp%2Fv2%2Fcategories&post=11255"},{"taxonomy":"post_tag","embeddable":true,"href":"https:\/\/willizblog.de\/index.php?rest_route=%2Fwp%2Fv2%2Ftags&post=11255"}],"curies":[{"name":"wp","href":"https:\/\/api.w.org\/{rel}","templated":true}]}}