{"id":11276,"date":"2021-03-09T10:50:31","date_gmt":"2021-03-09T10:50:31","guid":{"rendered":"https:\/\/willizblog.de\/?p=11276"},"modified":"2021-03-09T10:50:31","modified_gmt":"2021-03-09T10:50:31","slug":"literarische-reise-kafka-biographie-in-drei-baenden-von-reiner-stach-samt-zusatzband-kafka-von-tag-zu-tag","status":"publish","type":"post","link":"https:\/\/willizblog.de\/?p=11276","title":{"rendered":"Literarische Reise: Kafka \u2013 Biographie in drei B\u00e4nden von Reiner Stach samt Zusatzband \u201eKafka von Tag zu Tag\u201c"},"content":{"rendered":"<p>Keinem anderen Schriftsteller habe ich mehr Aufmerksamkeit in diesem Blog gewidmet als <a href=\"https:\/\/willizblog.de\/?s=kafka\" rel=\"noopener\" target=\"_blank\"><strong>Franz Kafka<\/strong><\/a>. Und von keinem habe ich mehr B\u00fccher als von ihm, genauer: B\u00fccher \u00fcber Kafka. Denn das Werk des Prager Schriftstellers ist verh\u00e4ltnism\u00e4\u00dfig schmal. Und wie mich Kafka interessiert (ein hier eher unpassendes Wort), so faszinierte er auch immer wieder viele andere Leser \u2013 vom Schriftsteller bis zum Philologen.<\/p>\n<p>Nun habe ich es gewagt, mich auf eine spezielle literarische Reise zu machen. Ich habe mir das \u00fcber 2000 Seiten starke (mit Anmerkungen usw. noch um einiges umfassendere) Opus von <a href=\"https:\/\/de.wikipedia.org\/wiki\/Reiner_Stach\" rel=\"noopener\" target=\"_blank\">Reiner Stach<\/a> geg\u00f6nnt, seine <a target=\"_blank\" href=\"https:\/\/www.amazon.de\/gp\/product\/3103972563\/ref=as_li_tl?ie=UTF8&#038;camp=1638&#038;creative=6742&#038;creativeASIN=3103972563&#038;linkCode=as2&#038;tag=familiealbin-21&#038;linkId=0a1dd7ee47e657433fa18804c751f0cf\" rel=\"noopener\"><strong>Kafka-Biographie in drei B\u00e4nden<\/strong><\/a>  samt Zusatzband \u201eKafka von Tag zu Tag\u201c und einer historischen Karte von Prag zu Kafkas Lebzeiten. <\/p>\n<p><img src=\"https:\/\/images-na.ssl-images-amazon.com\/images\/I\/51ZJSMjnQ9L._SY370_BO1,204,203,200_.jpg\" alt=\"Reiner Stach: Kafka-Biographie in drei B\u00e4nden\" title=\"Reiner Stach: Kafka-Biographie in drei B\u00e4nden\" \/><br \/>\nReiner Stach: Kafka-Biographie in drei B\u00e4nden<\/p>\n<p>18 ganze Jahre hat Stach an dieser Biographie gearbeitet und dabei besonders die Hintergr\u00fcnde der Lebensumst\u00e4nde des Prager Schriftstellers zur Jahrhundertwende um 1900 beleuchtet. So tauche ich als Leser in die Welt der <a href=\"https:\/\/de.wikipedia.org\/wiki\/Kaiserlich_und_k%C3%B6niglich\" rel=\"noopener\" target=\"_blank\">k. und k.-Monarchie<\/a> ein, die in Prag von Auseinandersetzungen zwischen Tschechen und Deutsch sprechenden B\u00fcrger gepr\u00e4gt war, bei denen Juden wie Kafka oft zwischen die Fronten gerieten. So ist dieses Werk viel mehr als die Lebensbeschreibung eines au\u00dfergew\u00f6hnlichen Schriftstellers. Es ist das Ergebnis einer umfangreichen Recherche der Zeit vor rund 100 Jahren.<\/p>\n<p>Die Biogrphie ist in folgende B\u00e4nde gegliedert:<\/p>\n<p><em>Die fr\u00fchen Jahre 1883-1910<br \/>\nDie Jahre der Entscheidungen 1910-1915<br \/>\nDie Jahre der Erkenntnis 1916-1924<\/em><br \/>\nZusatzband: <em>Kafka von Tag zu Tag<\/em> (Dokumentation aller Briefe, Tageb\u00fccher und Ereignisse)<\/p>\n<p>Mit Reiner Stach gibt es ein Interview, in dem er aufschlussreich \u00fcber seine Arbeit an diesem umfassenden Werk berichtet:<\/p>\n<p>Reiner Stach, Literaturwissenschaftler und Kafka-Biograf \u2013 <a href=\"http:\/\/cdn-storage.br.de\/geo\/b7\/2016-04\/25\/ba2f2e740b1711e68a90984be10adece_X.mp4\" rel=\"noopener\" target=\"_blank\">Interview aus dem Jahr 2016 (ARD Alpha)<\/a><\/p>\n<p>\u00c4hnlich wie Kafka seinen Helden Gregor Samsa in seiner Erz\u00e4hlung <a href=\"https:\/\/de.wikipedia.org\/wiki\/Die_Verwandlung\" rel=\"noopener\" target=\"_blank\">Die Verwandlung<\/a> in ein Ungeziefer verwandeln lie\u00df, so habe ich mir vor einiger Zeit herausgenommen, Kafka sich in mich verwandeln zu lassen. Er wird mir meine Spielerei sicherlich verzeihen:<\/p>\n<p><img src=\"https:\/\/www.willizblog.de\/images\/hein_sager_kafka_zu_willi.jpg\" alt=\"Kafka verwandelt sich zu 'Willi'\" title=\"Kafka verwandelt sich zu 'Willi'\" \/><br \/>\nKafka verwandelt sich zu &#8218;Willi&#8216;<\/p>\n","protected":false},"excerpt":{"rendered":"<p>Keinem anderen Schriftsteller habe ich mehr Aufmerksamkeit in diesem Blog gewidmet als Franz Kafka. Und von keinem habe ich mehr B\u00fccher als von ihm, genauer: B\u00fccher \u00fcber Kafka. Denn das Werk des Prager Schriftstellers ist verh\u00e4ltnism\u00e4\u00dfig schmal. Und wie mich Kafka interessiert (ein hier eher unpassendes Wort), so faszinierte er auch immer wieder viele andere &hellip; <a href=\"https:\/\/willizblog.de\/?p=11276\" class=\"more-link\"><span class=\"screen-reader-text\">Literarische Reise: Kafka \u2013 Biographie in drei B\u00e4nden von Reiner Stach samt Zusatzband \u201eKafka von Tag zu Tag\u201c<\/span> weiterlesen <span class=\"meta-nav\">&rarr;<\/span><\/a><\/p>\n","protected":false},"author":1,"featured_media":0,"comment_status":"open","ping_status":"open","sticky":false,"template":"","format":"standard","meta":[],"categories":[3],"tags":[],"_links":{"self":[{"href":"https:\/\/willizblog.de\/index.php?rest_route=\/wp\/v2\/posts\/11276"}],"collection":[{"href":"https:\/\/willizblog.de\/index.php?rest_route=\/wp\/v2\/posts"}],"about":[{"href":"https:\/\/willizblog.de\/index.php?rest_route=\/wp\/v2\/types\/post"}],"author":[{"embeddable":true,"href":"https:\/\/willizblog.de\/index.php?rest_route=\/wp\/v2\/users\/1"}],"replies":[{"embeddable":true,"href":"https:\/\/willizblog.de\/index.php?rest_route=%2Fwp%2Fv2%2Fcomments&post=11276"}],"version-history":[{"count":0,"href":"https:\/\/willizblog.de\/index.php?rest_route=\/wp\/v2\/posts\/11276\/revisions"}],"wp:attachment":[{"href":"https:\/\/willizblog.de\/index.php?rest_route=%2Fwp%2Fv2%2Fmedia&parent=11276"}],"wp:term":[{"taxonomy":"category","embeddable":true,"href":"https:\/\/willizblog.de\/index.php?rest_route=%2Fwp%2Fv2%2Fcategories&post=11276"},{"taxonomy":"post_tag","embeddable":true,"href":"https:\/\/willizblog.de\/index.php?rest_route=%2Fwp%2Fv2%2Ftags&post=11276"}],"curies":[{"name":"wp","href":"https:\/\/api.w.org\/{rel}","templated":true}]}}