{"id":11279,"date":"2021-03-11T11:23:19","date_gmt":"2021-03-11T11:23:19","guid":{"rendered":"https:\/\/willizblog.de\/?p=11279"},"modified":"2021-03-11T11:23:19","modified_gmt":"2021-03-11T11:23:19","slug":"kurz-und-spitz-11-trinken","status":"publish","type":"post","link":"https:\/\/willizblog.de\/?p=11279","title":{"rendered":"Kurz und spitz (11): Trinken"},"content":{"rendered":"<ul><em>Das Trinken ist gescheiter,<br \/>\nDas schmeckt schon nach Idee,<br \/>\nDa braucht man keine Leiter,<br \/>\nDas geht gleich in die H\u00f6h&#8216;.<\/em><\/ul>\n<ul><a href=\"https:\/\/de.wikipedia.org\/wiki\/Joseph_von_Eichendorff\">Joseph von Eichendorff<\/a> &#8211; <a target=\"_blank\" href=\"https:\/\/www.amazon.de\/gp\/product\/3596902355\/ref=as_li_tl?ie=UTF8&#038;camp=1638&#038;creative=6742&#038;creativeASIN=3596902355&#038;linkCode=as2&#038;tag=familiealbin-21&#038;linkId=e03637420ca76afea026709182c1eac8\" rel=\"noopener\">Gedichte <\/a><\/ul>\n<p><img src=\"https:\/\/www.willizblog.de\/pics\/kurz_und_spitz.jpg\" alt=\"Kurz und spitz: Trinken\" title=\"Kurz und spitz: Trinken\" \/><br \/>\nKurz und spitz: Trinken<\/p>\n<p>Da kann ich nur eines sagen:<\/p>\n<p><strong>Prost!<\/strong> G\u00ebzuar! Eskerriska! Yec&#8217;hed mat! \u041d\u0430\u0437\u0434\u0440\u0430\u0432\u0435! Sk\u00e5l! Cheers! Kippis! \u00c0 votre sant\u00e9! \u03b5\u03b9\u03c2 \u03c5\u03b3\u03b5\u03af\u03b1\u03bd! !\u05dc\u05d7\u05d9\u05d9\u05dd  Sl\u00e1inte! Salute! \u4e7e\u676f Salut! Uzdravlje! \u0641\u064a \u0635\u062d\u062a\u0643  Sveikat\u0105! Sa\u0127\u0127a! Proost! \u0645\u0645\u0646\u0648\u0646- \u0634\u0627\u062f\u0628\u0627\u0634  Na zdrowie! Noroc! \u042d\u0430 \u0437\u0434\u043e\u0440\u043e\u0432\u044c\u0435! Na zdravie! Salud! \u0e44\u0e0a\u0e42\u0e22 \u015eerefe! \u0411\u0443\u0434\u044c\u043c\u043e! Eg\u00e9szs\u00e9gedre! s\u1ef1 C\u1ea1n ly, n\u00e2ng c\u1ed1c ch\u00fac m\u1eebng! Iechyd da! \u041d\u0430 \u045e\u0440\u0430! Na strowje! Gejuig! \u127a\u122d\u1235  Alq\u0131\u015flay\u0131r! \u5e72\u676f  Huraon!\u1004\u103a\u1039 R\u00f5\u00f5muh\u00f5isked! Tsjoch! Murna! Ke aloha! Nwee ekele! Sk\u00e1l! \uac74\ubc30 Badeno\u015f! Iubentium! Mahafaly! Sorakan! Harikoa! \u0431\u0430\u044f\u0440 \u0445\u04af\u0440\u0433\u044d\u0435! Jubel! \u0628\u0647 \u0633\u0644\u0627\u0645\u062a\u06cc  Felicidades! \u0a1a\u0a40\u0a05\u0a30\u0a38 Manuia! Thabisang! Mufaro! Farxad! Surak! \u0421\u0430\u043b\u043e\u043c\u0430\u0442\u04e3! Begen\u00fd\u00e4r! Masinwabe! Kubabaza! <strong>Prosit!<\/strong><\/p>\n<p>\u201eNa denn, Prost, wer nix hat de host!\u201c <\/p>\n","protected":false},"excerpt":{"rendered":"<p>Das Trinken ist gescheiter, Das schmeckt schon nach Idee, Da braucht man keine Leiter, Das geht gleich in die H\u00f6h&#8216;. Joseph von Eichendorff &#8211; Gedichte Kurz und spitz: Trinken Da kann ich nur eines sagen: Prost! G\u00ebzuar! Eskerriska! Yec&#8217;hed mat! \u041d\u0430\u0437\u0434\u0440\u0430\u0432\u0435! Sk\u00e5l! Cheers! Kippis! \u00c0 votre sant\u00e9! \u03b5\u03b9\u03c2 \u03c5\u03b3\u03b5\u03af\u03b1\u03bd! !\u05dc\u05d7\u05d9\u05d9\u05dd Sl\u00e1inte! Salute! \u4e7e\u676f Salut! Uzdravlje! &hellip; <a href=\"https:\/\/willizblog.de\/?p=11279\" class=\"more-link\"><span class=\"screen-reader-text\">Kurz und spitz (11): Trinken<\/span> weiterlesen <span class=\"meta-nav\">&rarr;<\/span><\/a><\/p>\n","protected":false},"author":1,"featured_media":0,"comment_status":"open","ping_status":"open","sticky":false,"template":"","format":"standard","meta":[],"categories":[30],"tags":[],"_links":{"self":[{"href":"https:\/\/willizblog.de\/index.php?rest_route=\/wp\/v2\/posts\/11279"}],"collection":[{"href":"https:\/\/willizblog.de\/index.php?rest_route=\/wp\/v2\/posts"}],"about":[{"href":"https:\/\/willizblog.de\/index.php?rest_route=\/wp\/v2\/types\/post"}],"author":[{"embeddable":true,"href":"https:\/\/willizblog.de\/index.php?rest_route=\/wp\/v2\/users\/1"}],"replies":[{"embeddable":true,"href":"https:\/\/willizblog.de\/index.php?rest_route=%2Fwp%2Fv2%2Fcomments&post=11279"}],"version-history":[{"count":0,"href":"https:\/\/willizblog.de\/index.php?rest_route=\/wp\/v2\/posts\/11279\/revisions"}],"wp:attachment":[{"href":"https:\/\/willizblog.de\/index.php?rest_route=%2Fwp%2Fv2%2Fmedia&parent=11279"}],"wp:term":[{"taxonomy":"category","embeddable":true,"href":"https:\/\/willizblog.de\/index.php?rest_route=%2Fwp%2Fv2%2Fcategories&post=11279"},{"taxonomy":"post_tag","embeddable":true,"href":"https:\/\/willizblog.de\/index.php?rest_route=%2Fwp%2Fv2%2Ftags&post=11279"}],"curies":[{"name":"wp","href":"https:\/\/api.w.org\/{rel}","templated":true}]}}