{"id":1128,"date":"2008-03-12T00:20:39","date_gmt":"2008-03-11T22:20:39","guid":{"rendered":"http:\/\/www.albinz.de\/blog\/?p=1128"},"modified":"2008-03-11T14:27:24","modified_gmt":"2008-03-11T12:27:24","slug":"mobbing-und-wortbruch-%e2%80%93-wege-zur-macht","status":"publish","type":"post","link":"https:\/\/willizblog.de\/?p=1128","title":{"rendered":"Mobbing und Wortbruch \u2013 Wege zur Macht"},"content":{"rendered":"<p>Nach langer schwerer Krankheit, nein, ist er nicht verschieden, er ist zur\u00fcck an der Front oder wie wortspielerisch einige meinten: Beck is back! Wurde auch Zeit, denn bei der SPD schien doch einiges aus dem Ruder zu laufen. Da hatte der gute Kurt zuvor verk\u00fcndet, man k\u00f6nne auch mit der Linken. Und brachte Frau Y. aus Hessen in Erkl\u00e4rungsnot, die das vor der dortigen Wahl ausdr\u00fccklich ausschloss, dann doch den Linksschwenk einleitete, ihn nur nicht vollenden konnte, da eine andere Dame, Frau M., ihr Veto erhob. Von Wortbruch ist da die Rede und von Mobbing der eigenen Parteigenossen gegen Frau M.<\/p>\n<p>Nun, Beck ist wieder da und verk\u00fcndet: Sein Kursschwenk in Sachen Linkspartei sei kein Wortbruch, sondern Neuorientierung (wie? was? wo?). Und: Auf Bundesebene g\u00e4be es keine Zusammenarbeit. Ha, sagt da der Herr Pofalla, Generalsekret\u00e4r der CDU: Wer das glaubt, wird selig &#8211; oder auch nicht.<\/p>\n<p>Die Hessenwahl hat eine Situation heraufbeschworen, die unsere Politiker in eine heikle Lage versetzt hat. Roland Koch, Noch-Ministerpr\u00e4sident, hat eine Klatsche bekommen, wie noch nie ein Politiker vor ihm. Trotzdem erhebt er weiterhin den Anspruch, Regierungschef zu bleiben, da seine CDU nun einmal trotz deftiger Verluste die st\u00e4rkste Fraktion stellt. Nur woher Mehrheiten nehmen und nicht stehlen, wenn sich keine Mehrheiten wie von allein auftun (ist eben nichts mit Schwarz-Gelb).<\/p>\n<p><img src=\"https:\/\/www.willizblog.de\/blogpicts\/roland_koch.jpg\" alt=\"Roland \"Noch\" Koch\" \/><\/p>\n<p>Da l\u00e4utet der Hamburger Ole pl\u00f6tzlich das schwarz-gr\u00fcne Zeitalter ein und auch dem gelb-blaue Guido k\u00f6nnen die Gr\u00fcnen pl\u00f6tzlich gr\u00fcn werden. Aber eigentlich nur in Jamaikas Farben, denn f\u00fcr Ampel-Rot-Gelb-Gr\u00fcn sieht er nach Becks \u00c4u\u00dferung keine Basis mehr, wenn die SPD weiter nach links r\u00fcckt.<\/p>\n<p>Und die Gr\u00fcnen? Schwarz-Gr\u00fcn in Hamburg: okay. Schwarz-Gr\u00fcn-Gelb in Hessen: Ne, undenkbar &#8211; auch ohne Koch nicht, denn die Hessen-CDU w\u00e4re eine rechts-reaktion\u00e4re Partei, die gegen Ausl\u00e4nder und Minderheiten hetze.<\/p>\n<p>Was zun\u00e4chst nach einem wahllosen Griff in den Farbtopf aussieht, r\u00fcckt sich nach und nach zurecht. Nicht alles ist m\u00f6glich (w\u00e4re ja auch zu bunt). Aber der \u201eWille zur Macht\u201c steht meist vorne an: F\u00fcr die SPD notfalls mit den Linken, f\u00fcr die CDU und auch f\u00fcr Westerwelles One-man-FDP notfalls mit den Gr\u00fcnen. Hauptsache man kommt an die Macht. Notfalls sogar mit Mobbing und Wortbruch. Und auch die Gr\u00fcnen sind bereit in des Teufels Gro\u00dfmutter Bett zu kriechen, nur um einige P\u00f6stchen mehr zu ergattern.<\/p>\n<p>Siehe auch zdf.de: <a href=\"http:\/\/www.heute.de\/ZDFheute\/inhalt\/2\/0,3672,7167938,00.html\" target=\"_blank\">Mobbing gegen Metzger?<\/a><\/p>\n","protected":false},"excerpt":{"rendered":"<p>Nach langer schwerer Krankheit, nein, ist er nicht verschieden, er ist zur\u00fcck an der Front oder wie wortspielerisch einige meinten: Beck is back! Wurde auch Zeit, denn bei der SPD schien doch einiges aus dem Ruder zu laufen. Da hatte der gute Kurt zuvor verk\u00fcndet, man k\u00f6nne auch mit der Linken. Und brachte Frau Y. &hellip; <a href=\"https:\/\/willizblog.de\/?p=1128\" class=\"more-link\"><span class=\"screen-reader-text\">Mobbing und Wortbruch \u2013 Wege zur Macht<\/span> weiterlesen <span class=\"meta-nav\">&rarr;<\/span><\/a><\/p>\n","protected":false},"author":1,"featured_media":0,"comment_status":"open","ping_status":"closed","sticky":false,"template":"","format":"standard","meta":[],"categories":[12,2],"tags":[],"_links":{"self":[{"href":"https:\/\/willizblog.de\/index.php?rest_route=\/wp\/v2\/posts\/1128"}],"collection":[{"href":"https:\/\/willizblog.de\/index.php?rest_route=\/wp\/v2\/posts"}],"about":[{"href":"https:\/\/willizblog.de\/index.php?rest_route=\/wp\/v2\/types\/post"}],"author":[{"embeddable":true,"href":"https:\/\/willizblog.de\/index.php?rest_route=\/wp\/v2\/users\/1"}],"replies":[{"embeddable":true,"href":"https:\/\/willizblog.de\/index.php?rest_route=%2Fwp%2Fv2%2Fcomments&post=1128"}],"version-history":[{"count":0,"href":"https:\/\/willizblog.de\/index.php?rest_route=\/wp\/v2\/posts\/1128\/revisions"}],"wp:attachment":[{"href":"https:\/\/willizblog.de\/index.php?rest_route=%2Fwp%2Fv2%2Fmedia&parent=1128"}],"wp:term":[{"taxonomy":"category","embeddable":true,"href":"https:\/\/willizblog.de\/index.php?rest_route=%2Fwp%2Fv2%2Fcategories&post=1128"},{"taxonomy":"post_tag","embeddable":true,"href":"https:\/\/willizblog.de\/index.php?rest_route=%2Fwp%2Fv2%2Ftags&post=1128"}],"curies":[{"name":"wp","href":"https:\/\/api.w.org\/{rel}","templated":true}]}}