{"id":1129,"date":"2008-03-13T05:32:53","date_gmt":"2008-03-13T03:32:53","guid":{"rendered":"http:\/\/www.albinz.de\/blog\/?p=1129"},"modified":"2008-05-19T11:43:32","modified_gmt":"2008-05-19T09:43:32","slug":"nach-dem-desaster-ist-vor-dem-desaster","status":"publish","type":"post","link":"https:\/\/willizblog.de\/?p=1129","title":{"rendered":"Nach dem Desaster ist vor dem Desaster?"},"content":{"rendered":"<p>Einige Offizielle des SV Werder Bremen w\u00fcrden die vergangene Woche gern aus dem Kalender tilgen: Erst das Torwart-Desaster in Glasgow (0:2), dann das 3:6-Debakel in Stuttgart. Nach dem Spiel (Desaster) ist bekanntlich vor dem Spiel (Desaster) \u2013 und ein Ungl\u00fcck kommt selten allein \u2013 Und, oh, weh: Dreimal ist Bremer Recht (und viermal ist auch nicht schlecht)!<\/p>\n<p><img src=\"https:\/\/www.willizblog.de\/blogpicts\/werder0708_st23.jpg\" alt=\"Nach dem 3:6 in Stuttgart (23. Spieltag)\" \/><\/p>\n<p>Nein, ich will keinen Teufel an die Wand malen, bitte, kein weiteres Desaster mehr! Es kann nur noch besser werden. Und einige der Jungs sind ja auch wieder richtig guter Dinge. Im R\u00fcckspiel heute Abend zu Hause gegen die Schotten (Glasgow Rangers) wollen sie zeigen, was sie wirklich drauf haben. Da darf man gespannt sein. Sollte es wieder eines dieser \u201eWunder von der Weser\u201c geben? Ich bin skeptisch, halte den Werderanern aber nat\u00fcrlich die Daumen.<\/p>\n<p>Immerhin hat man sich dieser Tage bei Werder durch Charakterst\u00e4rke bewiesen. Nichts wurde unter den Tisch gekehrt, aber auch nichts dramatisiert. Sind eben k\u00fchle Norddeutsche, diese Bremer. Also nicht wie die Bayern. Was bleibt auch anderes \u00fcbrig. Selbst wenn UEFA-Pokal und Meisterschaft dahin sein sollten, so ist sp\u00e4testens nach der Saison wieder vor der Saison. Und vielleicht l\u00e4sst sich ja auch in dieser Saison noch etwas drehen. Wenn wenigstens der 2. Platz in der Bundesliga gehalten wird, w\u00e4re das eigentlich schon ein Erfolg.<\/p>\n<p>Siehe auch zdf.de: <a href=\"http:\/\/sportstudio.zdf.de\/ZDFde\/inhalt\/1\/0,1872,7167745,00.html\" target=\"_blank\">Alles eine Frage des Stils &#8211; Werder zeigt Charakter<\/a><\/p>\n<p>\u00dcbrigens: Das ZDF bringt das Spiel aus dem Weser-Station von <a href=\"http:\/\/www.zdf.de\/ZDFde\/inhalt\/6\/0,1872,1404038_idDispatch:7483997,00.html\" target=\"_blank\">Werder Bremen \u2013 Glasgow Rangers<\/a> heute ab 20 Uhr 15 in einer Live-\u00dcbertragung<\/p>\n","protected":false},"excerpt":{"rendered":"<p>Einige Offizielle des SV Werder Bremen w\u00fcrden die vergangene Woche gern aus dem Kalender tilgen: Erst das Torwart-Desaster in Glasgow (0:2), dann das 3:6-Debakel in Stuttgart. Nach dem Spiel (Desaster) ist bekanntlich vor dem Spiel (Desaster) \u2013 und ein Ungl\u00fcck kommt selten allein \u2013 Und, oh, weh: Dreimal ist Bremer Recht (und viermal ist auch &hellip; <a href=\"https:\/\/willizblog.de\/?p=1129\" class=\"more-link\"><span class=\"screen-reader-text\">Nach dem Desaster ist vor dem Desaster?<\/span> weiterlesen <span class=\"meta-nav\">&rarr;<\/span><\/a><\/p>\n","protected":false},"author":1,"featured_media":0,"comment_status":"open","ping_status":"closed","sticky":false,"template":"","format":"standard","meta":[],"categories":[27],"tags":[],"_links":{"self":[{"href":"https:\/\/willizblog.de\/index.php?rest_route=\/wp\/v2\/posts\/1129"}],"collection":[{"href":"https:\/\/willizblog.de\/index.php?rest_route=\/wp\/v2\/posts"}],"about":[{"href":"https:\/\/willizblog.de\/index.php?rest_route=\/wp\/v2\/types\/post"}],"author":[{"embeddable":true,"href":"https:\/\/willizblog.de\/index.php?rest_route=\/wp\/v2\/users\/1"}],"replies":[{"embeddable":true,"href":"https:\/\/willizblog.de\/index.php?rest_route=%2Fwp%2Fv2%2Fcomments&post=1129"}],"version-history":[{"count":0,"href":"https:\/\/willizblog.de\/index.php?rest_route=\/wp\/v2\/posts\/1129\/revisions"}],"wp:attachment":[{"href":"https:\/\/willizblog.de\/index.php?rest_route=%2Fwp%2Fv2%2Fmedia&parent=1129"}],"wp:term":[{"taxonomy":"category","embeddable":true,"href":"https:\/\/willizblog.de\/index.php?rest_route=%2Fwp%2Fv2%2Fcategories&post=1129"},{"taxonomy":"post_tag","embeddable":true,"href":"https:\/\/willizblog.de\/index.php?rest_route=%2Fwp%2Fv2%2Ftags&post=1129"}],"curies":[{"name":"wp","href":"https:\/\/api.w.org\/{rel}","templated":true}]}}