{"id":11291,"date":"2021-04-12T12:02:36","date_gmt":"2021-04-12T12:02:36","guid":{"rendered":"https:\/\/willizblog.de\/?p=11291"},"modified":"2021-04-12T12:02:36","modified_gmt":"2021-04-12T12:02:36","slug":"nach-ostern","status":"publish","type":"post","link":"https:\/\/willizblog.de\/?p=11291","title":{"rendered":"Nach Ostern"},"content":{"rendered":"<p>Jetzt ist es bereits wieder eine Woche her, dass wir zum zweiten Mal unter Corona-Bedingungen das Osterfest feiern mussten (siehe hierzu: <a href=\"https:\/\/willizblog.de\/?p=10873\" rel=\"noopener\" target=\"_blank\">Osterbrunch 2020 per Skype<\/a> und <a href=\"https:\/\/willizblog.de\/?p=10875\" rel=\"noopener\" target=\"_blank\">Nach\u00f6sterliches Corona-Care-Paket<\/a>).<\/p>\n<p><strong>Belarusische Ostern<\/strong><\/p>\n<p>In diesem Jahr stand es bei uns zudem unter den Ereignissen in Belarus. Die Freundin meines \u00e4lteren Sohnes kommt aus diesem Land, das gekennzeichnet ist durch das gnadenlose Vorgehen der Sicherheitskr\u00e4fte Lukaschenkos gegen die Opposition. Das orthodoxe Osterfest f\u00e4llt in diesem Jahr auf den 2. Mai. Aber wir haben es einfach vorverlegt und feierten es gemeinsam mit unserem Ostern: In Belarus m\u00fcssen die Eier rot gef\u00e4rbt und auch der Kulitsch, ein runder Kuchen aus s\u00fc\u00dfem Hefeteig mit Rosinen und kandierten Fr\u00fcchten gespickt, muss gebacken werden. Viele bereiten auch eine Quarkspeise, genannt Pascha, zu. Diese hat jedoch im Gegensatz zu den anderen beiden Speisen keine religi\u00f6se Bedeutung.<\/p>\n<p><img src=\" https:\/\/www.willizblog.de\/pics\/ostern2021_belarus.jpg\" alt=\"Ostern 2021 nach belarusischem Brauchtum\" title=\"Ostern 2021 nach belarusischem Brauchtum\" \/><br \/>\nOstern 2021 nach belarusischem Brauchtum<\/p>\n<p>Mit von meinem Sohn im Zwiebelsud gef\u00e4rbte Eier, dem Kuchen und der besagten Quarkspeise begannen wir am Ostermontag unseren Brunch, zu dem noch vieles andere Leckere (u.a. viel Fischiges und K\u00e4se) hinzukam. So verweilten wir den halben Tag, da das bescheidene Wetter nicht gerade zu einem Aufenthalt im Freien einlud. Als wir am Ostermontag unserer Sohn am Bahnhof verabschiedeten, begann es auch noch zu schneien.<\/p>\n<p><strong>Literarische statt wirklicher Reise<\/strong><\/p>\n<p>Ja, bei diesem Wetter \u2013 Ende M\u00e4rz hatten wir noch Temperaturen von \u00fcber 20 \u00b0 C \u2013 kann man schon Depressionen bekommen: nie \u00fcber 10 \u00b0 C, fast immer kalter Wind, wenn Sonne, dann wechselte sich diese meist mit Graupel-, Schnee- oder Regenschauern ab. Statt einer Reise hatte ich mich so im warmen St\u00fcbchen auf eine literarische Reise begeben und bin <a href=\"https:\/\/willizblog.de\/?p=11276\" rel=\"noopener\" target=\"_blank\">in die Welt des Herrn Franz Kafka<\/a> eingetaucht. Da musste sich auch dieser Blog einige Zeit gedulden.<\/p>\n<p><strong>Corona und keine Ende<\/strong><\/p>\n<p>Es erstaunte mich keinesfalls, dass sich Politiker an der Coronakrise bereicherten (Stichwort: Maskenaff\u00e4re). \u00c4rger ist dagegen das Corona-Management, das nur schleppend in die G\u00e4nge kommt. Jeden Tag (ich kann es schon nicht mehr h\u00f6ren und sehen) neue Meldungen und neue Verordnungen, die nur verdeutlichen, wie sehr sich die Politiker um W\u00e4hlerstimmen zu bem\u00fchen, aber nicht um das Wohl der B\u00fcrgerinnen und B\u00fcrger zu k\u00fcmmern scheinen.<\/p>\n","protected":false},"excerpt":{"rendered":"<p>Jetzt ist es bereits wieder eine Woche her, dass wir zum zweiten Mal unter Corona-Bedingungen das Osterfest feiern mussten (siehe hierzu: Osterbrunch 2020 per Skype und Nach\u00f6sterliches Corona-Care-Paket). Belarusische Ostern In diesem Jahr stand es bei uns zudem unter den Ereignissen in Belarus. Die Freundin meines \u00e4lteren Sohnes kommt aus diesem Land, das gekennzeichnet ist &hellip; <a href=\"https:\/\/willizblog.de\/?p=11291\" class=\"more-link\"><span class=\"screen-reader-text\">Nach Ostern<\/span> weiterlesen <span class=\"meta-nav\">&rarr;<\/span><\/a><\/p>\n","protected":false},"author":1,"featured_media":0,"comment_status":"open","ping_status":"open","sticky":false,"template":"","format":"standard","meta":[],"categories":[32,30],"tags":[],"_links":{"self":[{"href":"https:\/\/willizblog.de\/index.php?rest_route=\/wp\/v2\/posts\/11291"}],"collection":[{"href":"https:\/\/willizblog.de\/index.php?rest_route=\/wp\/v2\/posts"}],"about":[{"href":"https:\/\/willizblog.de\/index.php?rest_route=\/wp\/v2\/types\/post"}],"author":[{"embeddable":true,"href":"https:\/\/willizblog.de\/index.php?rest_route=\/wp\/v2\/users\/1"}],"replies":[{"embeddable":true,"href":"https:\/\/willizblog.de\/index.php?rest_route=%2Fwp%2Fv2%2Fcomments&post=11291"}],"version-history":[{"count":0,"href":"https:\/\/willizblog.de\/index.php?rest_route=\/wp\/v2\/posts\/11291\/revisions"}],"wp:attachment":[{"href":"https:\/\/willizblog.de\/index.php?rest_route=%2Fwp%2Fv2%2Fmedia&parent=11291"}],"wp:term":[{"taxonomy":"category","embeddable":true,"href":"https:\/\/willizblog.de\/index.php?rest_route=%2Fwp%2Fv2%2Fcategories&post=11291"},{"taxonomy":"post_tag","embeddable":true,"href":"https:\/\/willizblog.de\/index.php?rest_route=%2Fwp%2Fv2%2Ftags&post=11291"}],"curies":[{"name":"wp","href":"https:\/\/api.w.org\/{rel}","templated":true}]}}