{"id":11342,"date":"2021-04-27T08:59:47","date_gmt":"2021-04-27T08:59:47","guid":{"rendered":"https:\/\/willizblog.de\/?p=11342"},"modified":"2021-04-27T08:59:47","modified_gmt":"2021-04-27T08:59:47","slug":"popeln","status":"publish","type":"post","link":"https:\/\/willizblog.de\/?p=11342","title":{"rendered":"Popeln!"},"content":{"rendered":"<p>Seit gestern bin ich eigentlich dran mit dem Impfen! Ich warte noch auf eine Benachrichtigung bzw. einen Anruf von meinem Hausarzt. Auf einer Warteliste bei einer Gyn\u00e4kologin (ja, richtig gelesen) bin ich bereits eingetragen. Vielleicht werde ich bei der &#8218;verimpft&#8216;. Wenn bis Anfang der n\u00e4chsten Woche &#8217;nichts&#8216; kommt, dann werde ich mich wohl selbst um einen Impftermin bem\u00fchen m\u00fcssen. Denn anders als diese Pappnasen von selbst ernannten Querdenkern, Coronaleugnern, Impfgegnern und Verschw\u00f6rungsschwaflern m\u00f6chte ich mich impfen lassen.<\/p>\n<p>Schnell getestet habe ich mich vor Ostern, als der \u00e4ltere meiner beiden S\u00f6hne zu uns zu Besuch kam (auch er hatte sich zuvor schnell testen lassen). Er ist Medizinstudent und wei\u00df um die Auswirkungen des Virus Bescheid.<\/p>\n<p><img src=\"https:\/\/www.willizblog.de\/pics\/corona_popeln_selbsttest.jpg\" alt=\"Popeln \u2026 \u2026 der neue Selbstschnelltest!\" title=\"Popeln \u2026 \u2026 der neue Selbstschnelltest!\" \/><br \/>\nPopeln \u2026 \u2026 der neue Selbstschnelltest!<\/p>\n<p>Anders als einige unserer Schauspielerinnen und Schauspieler, die mit ihrer Aktion #alles-dicht-machen die Auswirkungen der zum Kampf gegen die Covid-19-Pandemie eingef\u00fchrten staatlichen Ma\u00dfnahmen auf das gesellschaftliche Leben satirisch \u00fcbersteigert zum Ausdruck brachten und damit aus nachvollziehbaren Gr\u00fcnden viel Kritik einstecken mussten (Kopf der Aktion war \u00fcbrigens der Regisseur <a href=\"https:\/\/de.wikipedia.org\/wiki\/Dietrich_Br%C3%BCggemann\" rel=\"noopener\" target=\"_blank\">Dietrich Br\u00fcggemann<\/a>), m\u00f6chte ich, wie oben gezeigt, einen neuen Selbstschnelltest vorstellen: Das Popeln in der eigenen Nase! Dabei darf man sich gern auch an die eigene Nase fassen. AfD-Ler d\u00fcrften das sicherlich nicht so witzig finden.<\/p>\n<p>Der eigentliche Text auf diesem Bild lautete \u00fcbrigens: <em><strong>Popeln \u2026 \u2026 auch eine Art, in sich zu gehen!<\/strong><\/em> Vielleicht sollten wir das in jetzigen Corona-Zeiten tun (nicht popeln, sondern &#8218;in uns gehen&#8216;), dabei den Humor nicht verlieren (mit dem haben wir Deutsche bekanntlich oft unsere Schwierigkeiten) und uns an die von der Politik verordneten, leider oft nicht immer nachvollziehbaren Corona-Regeln halten. Lieber ein Mehr als ein Zuwenig an Sicherheitsma\u00dfnahmen, damit wir hoffentlich bald das Virus &#8218;in den Griff&#8216; bekommen.<\/p>\n","protected":false},"excerpt":{"rendered":"<p>Seit gestern bin ich eigentlich dran mit dem Impfen! Ich warte noch auf eine Benachrichtigung bzw. einen Anruf von meinem Hausarzt. Auf einer Warteliste bei einer Gyn\u00e4kologin (ja, richtig gelesen) bin ich bereits eingetragen. Vielleicht werde ich bei der &#8218;verimpft&#8216;. Wenn bis Anfang der n\u00e4chsten Woche &#8217;nichts&#8216; kommt, dann werde ich mich wohl selbst um &hellip; <a href=\"https:\/\/willizblog.de\/?p=11342\" class=\"more-link\"><span class=\"screen-reader-text\">Popeln!<\/span> weiterlesen <span class=\"meta-nav\">&rarr;<\/span><\/a><\/p>\n","protected":false},"author":1,"featured_media":0,"comment_status":"open","ping_status":"open","sticky":false,"template":"","format":"standard","meta":[],"categories":[7,20],"tags":[],"_links":{"self":[{"href":"https:\/\/willizblog.de\/index.php?rest_route=\/wp\/v2\/posts\/11342"}],"collection":[{"href":"https:\/\/willizblog.de\/index.php?rest_route=\/wp\/v2\/posts"}],"about":[{"href":"https:\/\/willizblog.de\/index.php?rest_route=\/wp\/v2\/types\/post"}],"author":[{"embeddable":true,"href":"https:\/\/willizblog.de\/index.php?rest_route=\/wp\/v2\/users\/1"}],"replies":[{"embeddable":true,"href":"https:\/\/willizblog.de\/index.php?rest_route=%2Fwp%2Fv2%2Fcomments&post=11342"}],"version-history":[{"count":0,"href":"https:\/\/willizblog.de\/index.php?rest_route=\/wp\/v2\/posts\/11342\/revisions"}],"wp:attachment":[{"href":"https:\/\/willizblog.de\/index.php?rest_route=%2Fwp%2Fv2%2Fmedia&parent=11342"}],"wp:term":[{"taxonomy":"category","embeddable":true,"href":"https:\/\/willizblog.de\/index.php?rest_route=%2Fwp%2Fv2%2Fcategories&post=11342"},{"taxonomy":"post_tag","embeddable":true,"href":"https:\/\/willizblog.de\/index.php?rest_route=%2Fwp%2Fv2%2Ftags&post=11342"}],"curies":[{"name":"wp","href":"https:\/\/api.w.org\/{rel}","templated":true}]}}