{"id":11347,"date":"2021-05-05T11:27:19","date_gmt":"2021-05-05T11:27:19","guid":{"rendered":"https:\/\/willizblog.de\/?p=11347"},"modified":"2021-05-05T11:31:47","modified_gmt":"2021-05-05T11:31:47","slug":"verimpft","status":"publish","type":"post","link":"https:\/\/willizblog.de\/?p=11347","title":{"rendered":"Verimpft?!"},"content":{"rendered":"<p><strong>Warten <strike>auf Godot<\/strike> aufs Impfen<\/strong><\/p>\n<p>Seit Ende April &#8218;d\u00fcrfen&#8216; jetzt auch die Personen geimpft werden, die \u00e4lter sind als 60 Jahre. Ich Gl\u00fccklicher geh\u00f6re dazu. Gl\u00fccklich? \u00dcber eine Woche habe ich jetzt auf eine entsprechende postalische Einladung durch das Gesundheitsministerium Niedersachsen gewartet. Auch nach dem Telefon gelauscht, ob sich vielleicht mein Hausarzt meldet oder die Frauen\u00e4rztin, bei der ich auf der Warteliste stehe \u2026 Nichts! Inzwischen habe ich geh\u00f6rt, dass es z.B. bei meinem Hausarzt mit der Nachlieferung an Impfstoff etwas hapert. So habe ich nun online um einen Termin beim n\u00e4chsten Impfzentrum gebeten. Und landete auch dort nur auf einer Warteliste.Ich will keine Wette eingehen, aber ich sch\u00e4tze einmal, vor Juni keinen Impftermin zu bekommen. Oder?<\/p>\n<p><img src=\"https:\/\/www.willizblog.de\/pics\/corona_warteliste_impfen.jpg\" alt=\"Warten aufs Impfen ...\" title=\"Warten aufs Impfen ...\" \/><br \/>\nWarten aufs Impfen &#8230;<\/p>\n<p><strong>Lockerungen f\u00fcr Geimpfte<\/strong><\/p>\n<p>Nach <a href=\"https:\/\/www.tagesschau.de\/inland\/corona-geimpfte-lockerungen-103.html\" rel=\"noopener\" target=\"_blank\">den Pl\u00e4nen<\/a> von Bundesjustizministerin Christine Lambrecht (SPD) sollen vollst\u00e4ndig Geimpfte und Genesene rechtlich mit Menschen gleichgestellt werden, die negativ getestet sind (mit Tests nicht \u00e4lter als 24 Stunden bei PCR-Tests mit Best\u00e4tigung; Selbsttests m\u00fcssen unmittelbar vor dem Eintritt vorgenommen werden). Geimpfte und Genesene d\u00fcrften dann auch ohne vorherigen Test in Gesch\u00e4fte, Zoos oder zum Friseur gehen.<\/p>\n<p>Dass das nicht unbedenklich ist, sollte klar sein. So kritisieren z.B. Amts\u00e4rzte vor allem geplante Ausnahmeregelungen wie etwa eine Aufhebung der Testpflicht f\u00fcr Geimpfte. Stichwort: Mutanten (Virusmutationen).<\/p>\n<p>Sicherlich ist eine Neiddebatte nicht sinnvoll, aber ich denke da schon an die vielen jungen Menschen, besonders Sch\u00fclerinnen\/Sch\u00fcler und Studentinnen\/Studenten, f\u00fcr die soziale Kontakte besonders wichtig sind und die unter der Coronakrise bisher mit am meisten zu leiden hatten und in der Impfreihenfolge so ziemlich am Ende auftauchen. Es sollte bei den Tests als erstes Kriterium bleiben.<\/p>\n<p><strong>Im Datendunkelfeld<\/strong><\/p>\n<p>Es gibt wohl keinen der verantwortlichen Politikerinnen und Politiker, die sich im Klaren dar\u00fcber sind, wann die Pandemie tats\u00e4chlich als besiegt betrachtet werden kann. Heute wird mit Werten wie Inzidenz  und Impfquote jongliert, Zahlen, die als Datengrundlage etwas d\u00fcnn ausfallen. Die Politik befindet sich im <a href=\"https:\/\/www.tagesschau.de\/inland\/pandemie-szenarien-strategie-101.html\" rel=\"noopener\" target=\"_blank\">Datendunkelfeld<\/a>. Es kann nat\u00fcrlich keine Sammelwut von Daten in die Wege geleitet werden, aber es geht vor allem um den Blick in die Zukunft: Wie gehen wir zuk\u00fcnftig mit Pandemien um? Haben wir dann endlich einen Plan?<\/p>\n<p>Noch etwas: Die Sieben-Tage-Inzidenz ist nat\u00fcrlich von der Anzahl der Tests anh\u00e4ngig. Je mehr getestet werden, um so h\u00f6her wird der Inzidenzwert ausfallen. Es w\u00e4re sicherlich besser, da transparenter, wenn die Anzahl positiv Getesteter mit den Anzahl der durchgef\u00fchrten Tests im Verh\u00e4ltnis gesehen wird. Ich m\u00f6chte dabei allerdings gleich der Darlegung rechter Kreise widersprechen, die genau dieses Argument benutzen, um die gesamte Corona-Pandemie herunterzuspielen. Im Gegenteil sehe ich die Gefahr, das Landkreise mit hohem Inzidenzwert die Anzahl der Tests verringern, um diesen Wert zu senken.<\/p>\n<p><strong>Neu im Duden: Verimpfen<\/strong><\/p>\n<p>Wann genau dieses Verb Eingang in den Duden hatte, wei\u00df ich nicht. Ich habe eine schon etwas \u00e4ltere Ausgabe und die kennt das Wort noch nicht: <a href=\"https:\/\/www.duden.de\/rechtschreibung\/verimpfen\" rel=\"noopener\" target=\"_blank\">Verimpfen<\/a>, also impfen mit der Vorsilbe &#8218;ver-&#8218;. <\/p>\n<p>Der Vorsilbe &#8218;ver-&#8218; bei Verben bezeichnet oft ein Nichtgelingen eines Tuns (wenn auch nicht so stark wie die Vorsilbe &#8218;miss&#8216;), z.B. in: versagen, verzweifeln, vergeuden. Meist findet sich ein solches Verb auch in Verbindung mit dem Pronomen &#8217;sich&#8216;,  wie z.B. in: (sich) verfahren, (sich) vergreifen. Oft bedeutet die Vorsilbe &#8218;ver-&#8218; auch \u201efort, hinweg\u201c. Wenn jetzt so und so viele Dosen Impfstoff verimpft wurden, so geht der Impfstoff &#8218;hinweg&#8216; (&#8218;ver-&#8218;d\u00fcnnisiert sich gewisserma\u00dfen). Corona wirbelt auch unseren Wortschatz geh\u00f6rig durcheinander (vom <a href=\"https:\/\/www.zdf.de\/nachrichten\/panorama\/coronavirus-covid19-glossar-100.html\" rel=\"noopener\" target=\"_blank\">Corona-Glossar<\/a> ganz zu schweigen).<\/p>\n<p>Bleibt &#8217;negativ&#8216;, bleibt gesund!<\/p>\n","protected":false},"excerpt":{"rendered":"<p>Warten auf Godot aufs Impfen Seit Ende April &#8218;d\u00fcrfen&#8216; jetzt auch die Personen geimpft werden, die \u00e4lter sind als 60 Jahre. Ich Gl\u00fccklicher geh\u00f6re dazu. Gl\u00fccklich? \u00dcber eine Woche habe ich jetzt auf eine entsprechende postalische Einladung durch das Gesundheitsministerium Niedersachsen gewartet. Auch nach dem Telefon gelauscht, ob sich vielleicht mein Hausarzt meldet oder die &hellip; <a href=\"https:\/\/willizblog.de\/?p=11347\" class=\"more-link\"><span class=\"screen-reader-text\">Verimpft?!<\/span> weiterlesen <span class=\"meta-nav\">&rarr;<\/span><\/a><\/p>\n","protected":false},"author":1,"featured_media":0,"comment_status":"open","ping_status":"open","sticky":false,"template":"","format":"standard","meta":[],"categories":[20],"tags":[],"_links":{"self":[{"href":"https:\/\/willizblog.de\/index.php?rest_route=\/wp\/v2\/posts\/11347"}],"collection":[{"href":"https:\/\/willizblog.de\/index.php?rest_route=\/wp\/v2\/posts"}],"about":[{"href":"https:\/\/willizblog.de\/index.php?rest_route=\/wp\/v2\/types\/post"}],"author":[{"embeddable":true,"href":"https:\/\/willizblog.de\/index.php?rest_route=\/wp\/v2\/users\/1"}],"replies":[{"embeddable":true,"href":"https:\/\/willizblog.de\/index.php?rest_route=%2Fwp%2Fv2%2Fcomments&post=11347"}],"version-history":[{"count":0,"href":"https:\/\/willizblog.de\/index.php?rest_route=\/wp\/v2\/posts\/11347\/revisions"}],"wp:attachment":[{"href":"https:\/\/willizblog.de\/index.php?rest_route=%2Fwp%2Fv2%2Fmedia&parent=11347"}],"wp:term":[{"taxonomy":"category","embeddable":true,"href":"https:\/\/willizblog.de\/index.php?rest_route=%2Fwp%2Fv2%2Fcategories&post=11347"},{"taxonomy":"post_tag","embeddable":true,"href":"https:\/\/willizblog.de\/index.php?rest_route=%2Fwp%2Fv2%2Ftags&post=11347"}],"curies":[{"name":"wp","href":"https:\/\/api.w.org\/{rel}","templated":true}]}}