{"id":11359,"date":"2021-05-17T09:21:55","date_gmt":"2021-05-17T09:21:55","guid":{"rendered":"https:\/\/willizblog.de\/?p=11359"},"modified":"2021-05-17T09:24:16","modified_gmt":"2021-05-17T09:24:16","slug":"nie-mehr-erste-liga","status":"publish","type":"post","link":"https:\/\/willizblog.de\/?p=11359","title":{"rendered":"Nie mehr erste Liga?"},"content":{"rendered":"<p>Schlimmer h\u00e4tte es kaum kommen k\u00f6nnen: Da macht der SV Werder in Augsburg das Spiel \u2013 und verliert am Ende mit 0:2. Und ist pl\u00f6tzlich auf dem Relegationsplatz, muss au\u00dferdem f\u00fcrchten, nach dem letzten Bundesliga-Spieltag sogar direkt abzusteigen. Neben Werder Bremen (31 Punkte) streiten sich noch der 1. FC K\u00f6ln (30 Punkte) und Arminia Bielefeld (32 Punkte) um den rettenden 15. Tabellenplatz.<\/p>\n<p><iframe loading=\"lazy\" width=\"560\" height=\"315\" src=\"https:\/\/www.youtube.com\/embed\/gwe0Dd3GDYc\" title=\"YouTube video player\" frameborder=\"0\" allow=\"accelerometer; autoplay; clipboard-write; encrypted-media; gyroscope; picture-in-picture\" allowfullscreen><\/iframe><br \/>\nFu\u00dfball-Bundesliga 2020\/2021 \u2013 33. Spieltag: FC Augsburg \u2013 SV Werder Bremen 2:0<\/p>\n<p>Denn die Bremer m\u00fcssen gegen Borussia M\u00f6nchengladbach ran, die noch um den 7. Platz k\u00e4mpfen, der zur Qualifikation zur neu geschaffenen <a href=\"https:\/\/de.wikipedia.org\/wiki\/UEFA_Europa_Conference_League\" rel=\"noopener\" target=\"_blank\">Europa Conference League<\/a> (noch so ein Thema, das vielen den Profifu\u00dfball verg\u00e4llt) berechtigt. Ein Spiel um Alles oder Nichts. Die K\u00f6lner haben den Schonabsteiger Schalke 04 zu Gast. Bielefeld muss in Stuttgart ran.<\/p>\n<p>Nach der Niederlage in Augsburg musste der Trainer Florian Kohfeldt nun doch seinen Hut nehmen und wird f\u00fcr das Ende der Saison durch die Werder-Legende Thomas Schaaf trainiert.Nichts gegen Schaaf. Aber ob es sinnvoll ist, f\u00fcr diesen einen Spieltag (evtl. k\u00f6nnten noch die Relegationsspiele gegen den Dritten der 2. Liga hinzukommen, woran ich nicht glaube, dann k\u00f6nnte es vielleicht eine Art Nordderby werden: Holstein Kiel hat den direkten Aufstieg nach der <a href=\"https:\/\/www.youtube.com\/watch?v=z0H2XjNFnaI\" rel=\"noopener\" target=\"_blank\">2:3-Niederlage in Karlsruhe<\/a> noch nicht geschafft, ist aber mindestens 3.) den Trainer zu wechseln, wird sich zeigen. Wenn nicht, dann wird vor allem Gesch\u00e4ftsf\u00fchrer Frank Baumann die ganze Wut abbekommen, \u00fcber den jahrelangen Niedergang des Klubs, die Fehleink\u00e4ufe en gros, den viel zu lange nicht und dann zu sp\u00e4t erfolgten Rauswurf des Trainers. Was sich eben so angestaut hat. Es ist vieles verkehrt gelaufen an der Weser: Rashica, F\u00fcllkrug, Selke und Sargent \u2013 den Namen nach k\u00f6nnte das ein &#8218;Sturm&#8216; sein, der f\u00fcr viele Tore sorgt. Aber nicht erst das Spiel gegen Augsburg offenbarte, dass die vier nur zu einem lauen L\u00fcftchen im Stande sind.<\/p>\n<p>Was kann da jetzt nur noch helfen? Da war das Bild vom sinkenden Werder-Schiff! Immer wenn dunkle Wolken \u00fcber der Weser aufzogen, drohte ich mit dem sinkenden Werder-Schiff. Und immer dann schafften es die Bremer in letzter Sekunde, in der Bundesliga zu bleiben. Vielleicht hilft es ja auch jetzt wieder:<\/p>\n<ul><img src=\"https:\/\/www.willizblog.de\/blogpicts\/werder_sinking_ship.jpg\" alt=\"Werder Bremen: Rettung in letzter Minute?!\" title=\"Werder Bremen: Rettung in letzter Minute?!\" \/><br \/>\nWerder Bremen: Rettung in letzter Minute?!<\/ul>\n<p>Der Sportverein Werder hat sich immer bem\u00fcht, einen eigenen Weg zu gehen, weg von der Hektik und Kurzatmigkeit, mit der Profiklubs sonst ihre Gesch\u00e4fte betreiben. Vom diesem Weg ist Werder inzwischen l\u00e4ngst abgekommen: Ich denke da nicht nur an die ungl\u00fcckseligen Partnerschaften mit Wiesenhof und wohninvest. Jetzt versucht der Verein, <a href=\"https:\/\/www.werder.de\/aktuell\/news\/business\/20202021\/zeichnung-der-anleihe-moeglich-17052021\/\" rel=\"noopener\" target=\"_blank\">Geld durch Anleihen<\/a> zu bekommen. Will man in der 1. Liga \u00fcberleben, dann kann Werder Bremen nichts anderes sein als ein ganz &#8217;normaler&#8216; Verein. Vielleicht t\u00e4te da ein Abstieg in die 2. Liga ganz gut, um wieder zu den &#8218;Wurzeln&#8216; zur\u00fcckzukehren. Aber dann erginge es den Bremern wie dem HSV, der auch im 3. Anlauf den Wiederaufstieg nicht geschafft hat. Endlich wieder ein echtes Nordderby: Werder gegen den HSV?!<\/p>\n<p>Erschreckend in diesem Zusammenhang: Der Stadionsprecher und TV-Moderator Arnd Zeigler ist noch w\u00e4hrend des Spiels gegen Augsburg digital bedroht, bel\u00e4stigt und beleidigt worden: Er will seine Social-Media-Seite bei Facebook vorerst schlie\u00dfen. \u00bbEs ging nur um Fu\u00dfball\u00ab, schrieb der Moderator. Wie bescheuert muss man sein, um seinen Frust auf diese Weise abzulassen.<\/p>\n<p>siehe zuletzt: <a href=\"https:\/\/willizblog.de\/?p=11337\" rel=\"noopener\" target=\"_blank\"><strong>Der SV Werder Bremen in Corona-Zeiten: Dem Abstieg entgegen ..<\/strong><\/a><\/p>\n<p><!-- START ADVERTISER: SV Werder Bremen Fanshop DE from awin.com --><\/p>\n<p><a href=\"https:\/\/www.awin1.com\/cread.php?s=2762555&#038;v=21339&#038;q=401405&#038;r=859005\"><img src=\"https:\/\/www.awin1.com\/cshow.php?s=2762555&#038;v=21339&#038;q=401405&#038;r=859005\" border=\"0\"><br \/>\n<\/a><br \/>\nSV Werder Bremen Fanshop<br \/>\n<!-- END ADVERTISER: SV Werder Bremen Fanshop DE from awin.com --><\/p>\n","protected":false},"excerpt":{"rendered":"<p>Schlimmer h\u00e4tte es kaum kommen k\u00f6nnen: Da macht der SV Werder in Augsburg das Spiel \u2013 und verliert am Ende mit 0:2. Und ist pl\u00f6tzlich auf dem Relegationsplatz, muss au\u00dferdem f\u00fcrchten, nach dem letzten Bundesliga-Spieltag sogar direkt abzusteigen. Neben Werder Bremen (31 Punkte) streiten sich noch der 1. FC K\u00f6ln (30 Punkte) und Arminia Bielefeld &hellip; <a href=\"https:\/\/willizblog.de\/?p=11359\" class=\"more-link\"><span class=\"screen-reader-text\">Nie mehr erste Liga?<\/span> weiterlesen <span class=\"meta-nav\">&rarr;<\/span><\/a><\/p>\n","protected":false},"author":1,"featured_media":0,"comment_status":"open","ping_status":"open","sticky":false,"template":"","format":"standard","meta":[],"categories":[27],"tags":[],"_links":{"self":[{"href":"https:\/\/willizblog.de\/index.php?rest_route=\/wp\/v2\/posts\/11359"}],"collection":[{"href":"https:\/\/willizblog.de\/index.php?rest_route=\/wp\/v2\/posts"}],"about":[{"href":"https:\/\/willizblog.de\/index.php?rest_route=\/wp\/v2\/types\/post"}],"author":[{"embeddable":true,"href":"https:\/\/willizblog.de\/index.php?rest_route=\/wp\/v2\/users\/1"}],"replies":[{"embeddable":true,"href":"https:\/\/willizblog.de\/index.php?rest_route=%2Fwp%2Fv2%2Fcomments&post=11359"}],"version-history":[{"count":0,"href":"https:\/\/willizblog.de\/index.php?rest_route=\/wp\/v2\/posts\/11359\/revisions"}],"wp:attachment":[{"href":"https:\/\/willizblog.de\/index.php?rest_route=%2Fwp%2Fv2%2Fmedia&parent=11359"}],"wp:term":[{"taxonomy":"category","embeddable":true,"href":"https:\/\/willizblog.de\/index.php?rest_route=%2Fwp%2Fv2%2Fcategories&post=11359"},{"taxonomy":"post_tag","embeddable":true,"href":"https:\/\/willizblog.de\/index.php?rest_route=%2Fwp%2Fv2%2Ftags&post=11359"}],"curies":[{"name":"wp","href":"https:\/\/api.w.org\/{rel}","templated":true}]}}