{"id":1137,"date":"2008-03-21T00:19:59","date_gmt":"2008-03-20T22:19:59","guid":{"rendered":"http:\/\/www.albinz.de\/blog\/?p=1137"},"modified":"2008-03-21T00:19:59","modified_gmt":"2008-03-20T22:19:59","slug":"karwoche","status":"publish","type":"post","link":"https:\/\/willizblog.de\/?p=1137","title":{"rendered":"Karwoche"},"content":{"rendered":"<p><a href=\"https:\/\/de.wikipedia.org\/wiki\/Karwoche\" target=\"_blank\">Die Karwoche<\/a> beginnt nach dem Palmsonntag, schlie\u00dft Gr\u00fcndonnerstag und Karfreitag ein, und endet mit dem Karsamstag. Abendmahl, Kreuzestod und Auferstehung Jesu geh\u00f6ren eng zusammen.<\/p>\n<p>Daher feierte man bis zum 4. Jahrhundert in der Osternacht alle drei Ereignisse; heute feiert man drei Tage von Leiden, Tod und Auferstehung des Herrn ab Gr\u00fcndonnerstag. Augustinus sprach im 5. Jahrhundert vom heiligen &#8222;Triduum des gekreuzigten, begrabenen und auferstandenen Christus&#8220;. In der evangelischen Kirche werden in der Karwoche traditionell t\u00e4gliche Andachten &#8211; &#8222;Passionsandachten&#8220; &#8211; abgehalten. <\/p>\n<p>Der Karfreitag gedenkt des Kreuzestodes Jesu; &#8222;chara&#8220;, althochdeutsch, bedeutet &#8222;Trauer, Wehklage&#8220;. An diesem wie auch am folgenden Tag findet in katholischen Kirchen keine Messe statt, es wird nur ein einfacher Wortgottesdienst gehalten. In \u00d6sterreich hat sich das Brauchtum des Heiligen Grabes etabliert. Dabei wird &#8222;der tote Jesus&#8220; im Anschluss an die Karfreitagsliturgie in einer feierlichen Prozession in sein Grab gelegt. <\/p>\n<p><strong><em>KARWOCHE<\/em><\/strong><\/p>\n<p><em>O Woche, Zeugin heiliger Beschwerde!<br \/>\nDu stimmst so ernst zu dieser Fr\u00fchlingswonne,<br \/>\nDu breitest im verj\u00fcngten Strahl der Sonne<br \/>\nDes Kreuzes Schatten auf die lichte Erde,<\/em><\/p>\n<p><em>Und senkest schweigend deine Fl\u00f6re nieder;<br \/>\nDer Fr\u00fchling darf indessen immer keimen,<br \/>\nDas Veilchen duftet unter Bl\u00fctenb\u00e4umen<br \/>\nUnd alle V\u00f6glein singen Jubellieder.<\/em><\/p>\n<p><em>O schweigt, ihr V\u00f6glein auf den gr\u00fcnen Auen!<br \/>\nEs hallen rings die dumpfen Glockenkl\u00e4nge,<br \/>\nDie Engel singen leise Grabges\u00e4nge;<br \/>\nO still, ihr V\u00f6glein hoch im Himmelblauen!<\/em><\/p>\n<p><em>Ihr Veilchen, kr\u00e4nzt heut keine Lockenhaare!<br \/>\nEuch pfl\u00fcckt mein frommes Kind zum dunkeln Strau\u00dfe,<br \/>\nIhr wandert mit zum Muttergotteshause,<br \/>\nDa sollt ihr welken auf des Herrn Altare.<\/em><\/p>\n<p><em>Ach dort, von Trauermelodieen trunken,<br \/>\nUnd s\u00fc\u00df bet\u00e4ubt von schweren Weihrauchd\u00fcften,<br \/>\nSucht sie den Br\u00e4utigam in Todesgr\u00fcften,<br \/>\nUnd Lieb&#8216; und Fr\u00fchling, alles ist versunken!<\/em><\/p>\n<p>Eduard M\u00f6rike<\/p>\n","protected":false},"excerpt":{"rendered":"<p>Die Karwoche beginnt nach dem Palmsonntag, schlie\u00dft Gr\u00fcndonnerstag und Karfreitag ein, und endet mit dem Karsamstag. Abendmahl, Kreuzestod und Auferstehung Jesu geh\u00f6ren eng zusammen. Daher feierte man bis zum 4. Jahrhundert in der Osternacht alle drei Ereignisse; heute feiert man drei Tage von Leiden, Tod und Auferstehung des Herrn ab Gr\u00fcndonnerstag. Augustinus sprach im 5. &hellip; <a href=\"https:\/\/willizblog.de\/?p=1137\" class=\"more-link\"><span class=\"screen-reader-text\">Karwoche<\/span> weiterlesen <span class=\"meta-nav\">&rarr;<\/span><\/a><\/p>\n","protected":false},"author":1,"featured_media":0,"comment_status":"open","ping_status":"closed","sticky":false,"template":"","format":"standard","meta":[],"categories":[32,14],"tags":[],"_links":{"self":[{"href":"https:\/\/willizblog.de\/index.php?rest_route=\/wp\/v2\/posts\/1137"}],"collection":[{"href":"https:\/\/willizblog.de\/index.php?rest_route=\/wp\/v2\/posts"}],"about":[{"href":"https:\/\/willizblog.de\/index.php?rest_route=\/wp\/v2\/types\/post"}],"author":[{"embeddable":true,"href":"https:\/\/willizblog.de\/index.php?rest_route=\/wp\/v2\/users\/1"}],"replies":[{"embeddable":true,"href":"https:\/\/willizblog.de\/index.php?rest_route=%2Fwp%2Fv2%2Fcomments&post=1137"}],"version-history":[{"count":0,"href":"https:\/\/willizblog.de\/index.php?rest_route=\/wp\/v2\/posts\/1137\/revisions"}],"wp:attachment":[{"href":"https:\/\/willizblog.de\/index.php?rest_route=%2Fwp%2Fv2%2Fmedia&parent=1137"}],"wp:term":[{"taxonomy":"category","embeddable":true,"href":"https:\/\/willizblog.de\/index.php?rest_route=%2Fwp%2Fv2%2Fcategories&post=1137"},{"taxonomy":"post_tag","embeddable":true,"href":"https:\/\/willizblog.de\/index.php?rest_route=%2Fwp%2Fv2%2Ftags&post=1137"}],"curies":[{"name":"wp","href":"https:\/\/api.w.org\/{rel}","templated":true}]}}